{"id":28158,"date":"2015-08-11T21:24:59","date_gmt":"2015-08-11T18:24:59","guid":{"rendered":"http:\/\/sana.sy\/es\/?p=28158"},"modified":"2015-08-11T21:24:59","modified_gmt":"2015-08-11T18:24:59","slug":"manifestaciones-en-sana-contra-los-crimenes-saudies-en-yemen","status":"publish","type":"post","link":"https:\/\/archive.sana.sy\/es\/?p=28158","title":{"rendered":"Manifestaciones en San\u00e1 contra los cr\u00edmenes saud\u00edes en Yemen"},"content":{"rendered":"<p style=\"text-align: justify\"><span style=\"color: #800000\">San\u00e1, SANA<\/span><\/p>\n<p style=\"text-align: justify\">Miles de yemen\u00edes han condenado los cr\u00edmenes cometidos contra su pa\u00eds y contra las agresiones incesantes de Arabia Saud\u00ed.<\/p>\n<p style=\"text-align: justify\">\nEn una masiva manifestaci\u00f3n celebrada este martes en la ciudad de San\u00e1, coreando esl\u00f3ganes contra las autoridades de Riad, EE.UU. y el r\u00e9gimen de Israel, han denunciado la continuaci\u00f3n de los cr\u00edmenes en su territorio, adem\u00e1s del embargo impuesto contra el pueblo oprimido de Yemen.<\/p>\n<p style=\"text-align: justify\">Los indignados han insistido en su derecho para convocar a una \u201cmovilizaci\u00f3n general\u201d contra los agresores al tiempo que han expresado su apoyo a las opciones estrat\u00e9gicas del l\u00edder del movimiento popular Ansarol\u00e1, Abdul-Malik al-Houthi, para defender el pa\u00eds.<\/p>\n<p style=\"text-align: justify\">Al final de esta protesta, llamada por Comit\u00e9 Supremo Revolucionario de Yemen, los participantes han emitido una declaraci\u00f3n en la que han recordado la responsabilidad de todas las naciones en cuanto a la continuaci\u00f3n de la tragedia humanitaria en Yemen y han llamado a todos a rechazar estas acciones y apoyar al pueblo de este peque\u00f1o pa\u00eds \u00e1rabe.<\/p>\n<p style=\"text-align: justify\">Durante los \u00faltimos d\u00edas, varias ciudades han sido escenario de similares movilizaciones ciudadanas que condenaron el silencio de la comunidad internacional ante los bombardeos saud\u00edes.<\/p>\n<p>M.Miri<\/p>\n","protected":false},"excerpt":{"rendered":"<p>San\u00e1, SANA Miles de yemen\u00edes han condenado los cr\u00edmenes cometidos contra su pa\u00eds y contra las agresiones incesantes de Arabia Saud\u00ed. En una masiva manifestaci\u00f3n celebrada este martes en la ciudad de San\u00e1, coreando esl\u00f3ganes contra las autoridades de Riad, EE.UU. y el r\u00e9gimen de Israel, han denunciado la continuaci\u00f3n de los cr\u00edmenes en su &hellip;<\/p>\n","protected":false},"author":1,"featured_media":22863,"comment_status":"closed","ping_status":"closed","sticky":false,"template":"","format":"standard","meta":{"footnotes":""},"categories":[456,457],"tags":[6271],"class_list":["post-28158","post","type-post","status-publish","format-standard","has-post-thumbnail","","category-arabe-internacional-politica","category-noticias-arabe-internacional-politica","tag-manifestaciones-en-sana-contra-los-crimenes-saudies-en-yemen"],"_links":{"self":[{"href":"https:\/\/archive.sana.sy\/es\/index.php?rest_route=\/wp\/v2\/posts\/28158"}],"collection":[{"href":"https:\/\/archive.sana.sy\/es\/index.php?rest_route=\/wp\/v2\/posts"}],"about":[{"href":"https:\/\/archive.sana.sy\/es\/index.php?rest_route=\/wp\/v2\/types\/post"}],"author":[{"embeddable":true,"href":"https:\/\/archive.sana.sy\/es\/index.php?rest_route=\/wp\/v2\/users\/1"}],"replies":[{"embeddable":true,"href":"https:\/\/archive.sana.sy\/es\/index.php?rest_route=%2Fwp%2Fv2%2Fcomments&post=28158"}],"version-history":[{"count":0,"href":"https:\/\/archive.sana.sy\/es\/index.php?rest_route=\/wp\/v2\/posts\/28158\/revisions"}],"wp:featuredmedia":[{"embeddable":true,"href":"https:\/\/archive.sana.sy\/es\/index.php?rest_route=\/wp\/v2\/media\/22863"}],"wp:attachment":[{"href":"https:\/\/archive.sana.sy\/es\/index.php?rest_route=%2Fwp%2Fv2%2Fmedia&parent=28158"}],"wp:term":[{"taxonomy":"category","embeddable":true,"href":"https:\/\/archive.sana.sy\/es\/index.php?rest_route=%2Fwp%2Fv2%2Fcategories&post=28158"},{"taxonomy":"post_tag","embeddable":true,"href":"https:\/\/archive.sana.sy\/es\/index.php?rest_route=%2Fwp%2Fv2%2Ftags&post=28158"}],"curies":[{"name":"wp","href":"https:\/\/api.w.org\/{rel}","templated":true}]}}