{"id":28161,"date":"2015-08-11T22:09:20","date_gmt":"2015-08-11T19:09:20","guid":{"rendered":"http:\/\/sana.sy\/es\/?p=28161"},"modified":"2015-08-11T22:09:20","modified_gmt":"2015-08-11T19:09:20","slug":"nueva-ronda-de-dialogo-entre-las-facciones-libias-en-ginebra","status":"publish","type":"post","link":"https:\/\/archive.sana.sy\/es\/?p=28161","title":{"rendered":"Nueva ronda de di\u00e1logo entre las facciones libias en Ginebra"},"content":{"rendered":"<p><span style=\"color: #800000\">Ginebra, SANA<\/span><\/p>\n<p style=\"text-align: justify\">El enviado especial de la ONU para Libia, Bernardino Le\u00f3n, dijo que espera que las facciones rivales que iniciaron hoy una nueva ronda de negociaciones pol\u00edticas lleguen antes del final de agosto a un acuerdo sobre un gobierno de unidad, que incluir\u00e1 anexos que detallar\u00e1n su composici\u00f3n y funcionamiento.<\/p>\n<p style=\"text-align: justify\">Le\u00f3n avanz\u00f3 que el &#8220;calendario ideal&#8221; ser\u00eda que estas negociaciones interlibias concluyeran antes del inicio de la Asamblea General de la ONU, que se inaugura el 21 de septiembre, para que el nuevo gobierno pudiera participar en este foro y recibir el aval de la comunidad internacional.<\/p>\n<p style=\"text-align: justify\">Cabe se\u00f1alar que desde hace m\u00e1s de tres a\u00f1os Libia tiene dos parlamentos y dos gobiernos rivales, uno en Tr\u00edpoli, controlado por la coalici\u00f3n de milicias Fajr Libia, y otro en Tobruk (en el este), reconocido por la comunidad internacional. Desde hace meses, Bernardino Le\u00f3n trata precisamente de propiciar un acuerdo para la formaci\u00f3n de un gobierno de unidad nacional.<\/p>\n<p style=\"text-align: justify\">M.Miri<\/p>\n","protected":false},"excerpt":{"rendered":"<p>Ginebra, SANA El enviado especial de la ONU para Libia, Bernardino Le\u00f3n, dijo que espera que las facciones rivales que iniciaron hoy una nueva ronda de negociaciones pol\u00edticas lleguen antes del final de agosto a un acuerdo sobre un gobierno de unidad, que incluir\u00e1 anexos que detallar\u00e1n su composici\u00f3n y funcionamiento. Le\u00f3n avanz\u00f3 que el &hellip;<\/p>\n","protected":false},"author":1,"featured_media":28162,"comment_status":"closed","ping_status":"closed","sticky":false,"template":"","format":"standard","meta":{"footnotes":""},"categories":[456,457],"tags":[6272],"class_list":["post-28161","post","type-post","status-publish","format-standard","has-post-thumbnail","","category-arabe-internacional-politica","category-noticias-arabe-internacional-politica","tag-nueva-ronda-de-dialogo-entre-las-facciones-libias-en-ginebra"],"_links":{"self":[{"href":"https:\/\/archive.sana.sy\/es\/index.php?rest_route=\/wp\/v2\/posts\/28161"}],"collection":[{"href":"https:\/\/archive.sana.sy\/es\/index.php?rest_route=\/wp\/v2\/posts"}],"about":[{"href":"https:\/\/archive.sana.sy\/es\/index.php?rest_route=\/wp\/v2\/types\/post"}],"author":[{"embeddable":true,"href":"https:\/\/archive.sana.sy\/es\/index.php?rest_route=\/wp\/v2\/users\/1"}],"replies":[{"embeddable":true,"href":"https:\/\/archive.sana.sy\/es\/index.php?rest_route=%2Fwp%2Fv2%2Fcomments&post=28161"}],"version-history":[{"count":0,"href":"https:\/\/archive.sana.sy\/es\/index.php?rest_route=\/wp\/v2\/posts\/28161\/revisions"}],"wp:featuredmedia":[{"embeddable":true,"href":"https:\/\/archive.sana.sy\/es\/index.php?rest_route=\/wp\/v2\/media\/28162"}],"wp:attachment":[{"href":"https:\/\/archive.sana.sy\/es\/index.php?rest_route=%2Fwp%2Fv2%2Fmedia&parent=28161"}],"wp:term":[{"taxonomy":"category","embeddable":true,"href":"https:\/\/archive.sana.sy\/es\/index.php?rest_route=%2Fwp%2Fv2%2Fcategories&post=28161"},{"taxonomy":"post_tag","embeddable":true,"href":"https:\/\/archive.sana.sy\/es\/index.php?rest_route=%2Fwp%2Fv2%2Ftags&post=28161"}],"curies":[{"name":"wp","href":"https:\/\/api.w.org\/{rel}","templated":true}]}}