{"id":28209,"date":"2015-08-12T11:08:08","date_gmt":"2015-08-12T08:08:08","guid":{"rendered":"http:\/\/sana.sy\/es\/?p=28209"},"modified":"2015-08-12T15:09:47","modified_gmt":"2015-08-12T12:09:47","slug":"nuevos-ataques-saudies-contra-yemen-se-saldan-con-7-muertos","status":"publish","type":"post","link":"https:\/\/archive.sana.sy\/es\/?p=28209","title":{"rendered":"Nuevos ataques saud\u00edes contra Yemen se saldan con 7 muertos"},"content":{"rendered":"<p><span style=\"color: #800000\">San\u00e1, SANA<\/span><br \/>\nIncesantes bombardeos a\u00e9reos del r\u00e9gimen de Al Saud contra el pueblo de Yemen se cobran la vida de al menos siete personas, entre ellas dos mujeres y un ni\u00f1o.<\/p>\n<p>Los aviones de guerra saud\u00edes bombardearon este mi\u00e9rcoles al barrio de Razih, en la provincia noroccidental de Saada, donde dejaron cinco muertos y dos heridos.<\/p>\n<p>En otros distritos de la misma provincia, dos personas perdieron la vida como consecuencia de los ataques a\u00e9reos de Arabia Saud\u00ed contra esta naci\u00f3n.<\/p>\n<p>Por otro lado, decenas de miles de yemen\u00edes han condenado el \u201cplan imperialista\u201d dise\u00f1ado contra su pa\u00eds y las agresiones incesantes de Arabia Saud\u00ed.<\/p>\n<p>En una masiva manifestaci\u00f3n celebrada ayer martes en la ciudad capitalina de San\u00e1, coreando esl\u00f3ganes contra las autoridades de Riad, EE.UU. y el r\u00e9gimen de Israel, los yemen\u00edes denunciaron la continuaci\u00f3n de los cr\u00edmenes de lesa humanidad en su territorio, adem\u00e1s del cerco impuesto contra el pueblo oprimido de Yemen.<\/p>\n<p>Fady M., Lynn A.<\/p>\n","protected":false},"excerpt":{"rendered":"<p>San\u00e1, SANA Incesantes bombardeos a\u00e9reos del r\u00e9gimen de Al Saud contra el pueblo de Yemen se cobran la vida de al menos siete personas, entre ellas dos mujeres y un ni\u00f1o. Los aviones de guerra saud\u00edes bombardearon este mi\u00e9rcoles al barrio de Razih, en la provincia noroccidental de Saada, donde dejaron cinco muertos y dos &hellip;<\/p>\n","protected":false},"author":24,"featured_media":0,"comment_status":"closed","ping_status":"closed","sticky":false,"template":"","format":"standard","meta":{"footnotes":""},"categories":[456,457,576],"tags":[6283],"class_list":["post-28209","post","type-post","status-publish","format-standard","","category-arabe-internacional-politica","category-noticias-arabe-internacional-politica","category-noticias-politicas","tag-nuevos-ataques-saudies-contra-yemen-se-saldan-con-7-muertos"],"_links":{"self":[{"href":"https:\/\/archive.sana.sy\/es\/index.php?rest_route=\/wp\/v2\/posts\/28209"}],"collection":[{"href":"https:\/\/archive.sana.sy\/es\/index.php?rest_route=\/wp\/v2\/posts"}],"about":[{"href":"https:\/\/archive.sana.sy\/es\/index.php?rest_route=\/wp\/v2\/types\/post"}],"author":[{"embeddable":true,"href":"https:\/\/archive.sana.sy\/es\/index.php?rest_route=\/wp\/v2\/users\/24"}],"replies":[{"embeddable":true,"href":"https:\/\/archive.sana.sy\/es\/index.php?rest_route=%2Fwp%2Fv2%2Fcomments&post=28209"}],"version-history":[{"count":0,"href":"https:\/\/archive.sana.sy\/es\/index.php?rest_route=\/wp\/v2\/posts\/28209\/revisions"}],"wp:attachment":[{"href":"https:\/\/archive.sana.sy\/es\/index.php?rest_route=%2Fwp%2Fv2%2Fmedia&parent=28209"}],"wp:term":[{"taxonomy":"category","embeddable":true,"href":"https:\/\/archive.sana.sy\/es\/index.php?rest_route=%2Fwp%2Fv2%2Fcategories&post=28209"},{"taxonomy":"post_tag","embeddable":true,"href":"https:\/\/archive.sana.sy\/es\/index.php?rest_route=%2Fwp%2Fv2%2Ftags&post=28209"}],"curies":[{"name":"wp","href":"https:\/\/api.w.org\/{rel}","templated":true}]}}