{"id":282568,"date":"2023-01-12T17:22:05","date_gmt":"2023-01-12T15:22:05","guid":{"rendered":"http:\/\/107.6.182.27\/es\/?p=282568"},"modified":"2023-01-12T18:14:43","modified_gmt":"2023-01-12T16:14:43","slug":"presidente-al-assad-recibe-a-enviado-del-presidente-ruso","status":"publish","type":"post","link":"https:\/\/archive.sana.sy\/es\/?p=282568","title":{"rendered":"Presidente al-Assad recibe a enviado del presidente ruso"},"content":{"rendered":"<blockquote>\n<p style=\"text-align: justify;\"><em><span style=\"color: #800000;\"><strong>Al-Assad afirm\u00f3 que la batalla pol\u00edtica y medi\u00e1tica se encuentra ahora en su punto m\u00e1s intenso en el mundo, y que el recrudecimiento de estas batallas requiere m\u00e1s estabilidad y claridad en las posiciones pol\u00edticas, refiri\u00e9ndose en este respecto a la postura de apoyo de Siria de la operaci\u00f3n militar especial rusa en Donb\u00e1s.<\/strong><\/span><\/em><\/p>\n<\/blockquote>\n<p style=\"text-align: justify;\"><strong>Damasco, 12 ene (SANA)<\/strong> El presidente Bashar al-Assad, recibi\u00f3 hoy a Alexander Lavrentiev, el enviado especial del presidente ruso, Vladimir Putin, y la delegaci\u00f3n que lo acompa\u00f1a.<\/p>\n<p style=\"text-align: justify;\">Las conversaciones entre las dos partes abordaron las relaciones estrat\u00e9gicas sirio-rusas y los mecanismos para su desarrollo en todos los campos a fin de servir a los intereses de los dos pa\u00edses y pueblos amigos.<\/p>\n<p style=\"text-align: justify;\">Asimismo, se abord\u00f3 el desarrollo de los acontecimientos regionales e internacionales, donde el presidente Al-Assad afirm\u00f3 que la batalla pol\u00edtica y medi\u00e1tica se encuentra ahora en su punto m\u00e1s intenso en el mundo, y que el recrudecimiento de estas batallas requiere m\u00e1s estabilidad y claridad en las posiciones pol\u00edticas, refiri\u00e9ndose en este respecto a la postura de apoyo de Siria de la operaci\u00f3n militar especial rusa en Donb\u00e1s.<\/p>\n<p style=\"text-align: justify;\">Por su parte, Lavrentiev se\u00f1al\u00f3 que Rusia agradece las posiciones constructivas de Siria desde el inicio de la operaci\u00f3n militar en Ucrania, y dijo que ahora hay muchos pa\u00edses en el mundo que creen en la victoria de Rusia.<\/p>\n<p style=\"text-align: justify;\">Indic\u00f3 que a pesar de las grandes presiones ejercidas por EE.UU y sus aliados no han logrado aislar a Rusia ni a Siria.<\/p>\n<p style=\"text-align: justify;\">Lavrentiev tambi\u00e9n resalt\u00f3 la necesidad de sacarle beneficio a los acelerados desarrollos del mundo, y asever\u00f3 que su pa\u00eds eval\u00faa positivamente la reuni\u00f3n trilateral entre los ministros de Defensa de Siria, Turqu\u00eda y Rusia, y considera importante dar seguimiento y desarrollar estos encuentros a nivel de cancilleres.<\/p>\n<p style=\"text-align: justify;\">El presidente al-Assad consider\u00f3 que estas reuniones, para que sean fruct\u00edferas, deben construirse sobre la coordinaci\u00f3n y planificaci\u00f3n previa entre Siria y Rusia para alcanzar los objetivos y resultados concretos que Siria quiere de estas reuniones basadas en los principios patri\u00f3ticos del Estado y el pueblo con el objetivo de poner fin a la ocupaci\u00f3n y detener el apoyo al terrorismo.<\/p>\n<p style=\"text-align: justify;\">sm\/fm<\/p>\n<div id='gallery-1' class='gallery galleryid-282568 gallery-columns-1 gallery-size-full'><figure class='gallery-item'>\n\t\t\t<div class='gallery-icon landscape'>\n\t\t\t\t<a href='https:\/\/archive.sana.sy\/es\/?attachment_id=282580'><img loading=\"lazy\" decoding=\"async\" width=\"660\" height=\"440\" src=\"https:\/\/archive.sana.sy\/es\/wp-content\/uploads\/2023\/01\/01-copy-2-1.jpg\" class=\"attachment-full size-full\" alt=\"\" srcset=\"https:\/\/archive.sana.sy\/es\/wp-content\/uploads\/2023\/01\/01-copy-2-1.jpg 660w, https:\/\/archive.sana.sy\/es\/wp-content\/uploads\/2023\/01\/01-copy-2-1-300x200.jpg 300w, https:\/\/archive.sana.sy\/es\/wp-content\/uploads\/2023\/01\/01-copy-2-1-150x100.jpg 150w\" sizes=\"(max-width: 660px) 100vw, 660px\" \/><\/a>\n\t\t\t<\/div><\/figure><figure class='gallery-item'>\n\t\t\t<div class='gallery-icon landscape'>\n\t\t\t\t<a href='https:\/\/archive.sana.sy\/es\/?attachment_id=282578'><img loading=\"lazy\" decoding=\"async\" width=\"2560\" height=\"1819\" src=\"https:\/\/archive.sana.sy\/es\/wp-content\/uploads\/2023\/01\/11-1-scaled.jpg\" class=\"attachment-full size-full\" alt=\"\" srcset=\"https:\/\/archive.sana.sy\/es\/wp-content\/uploads\/2023\/01\/11-1-scaled.jpg 2560w, https:\/\/archive.sana.sy\/es\/wp-content\/uploads\/2023\/01\/11-1-300x213.jpg 300w, https:\/\/archive.sana.sy\/es\/wp-content\/uploads\/2023\/01\/11-1-1024x727.jpg 1024w, https:\/\/archive.sana.sy\/es\/wp-content\/uploads\/2023\/01\/11-1-150x107.jpg 150w, https:\/\/archive.sana.sy\/es\/wp-content\/uploads\/2023\/01\/11-1-768x546.jpg 768w, https:\/\/archive.sana.sy\/es\/wp-content\/uploads\/2023\/01\/11-1-1536x1091.jpg 1536w, https:\/\/archive.sana.sy\/es\/wp-content\/uploads\/2023\/01\/11-1-2048x1455.jpg 2048w\" sizes=\"(max-width: 2560px) 100vw, 2560px\" \/><\/a>\n\t\t\t<\/div><\/figure><figure class='gallery-item'>\n\t\t\t<div class='gallery-icon landscape'>\n\t\t\t\t<a href='https:\/\/archive.sana.sy\/es\/?attachment_id=282576'><img loading=\"lazy\" decoding=\"async\" width=\"2560\" height=\"1288\" src=\"https:\/\/archive.sana.sy\/es\/wp-content\/uploads\/2023\/01\/05-1-scaled.jpg\" class=\"attachment-full size-full\" alt=\"\" srcset=\"https:\/\/archive.sana.sy\/es\/wp-content\/uploads\/2023\/01\/05-1-scaled.jpg 2560w, https:\/\/archive.sana.sy\/es\/wp-content\/uploads\/2023\/01\/05-1-300x151.jpg 300w, https:\/\/archive.sana.sy\/es\/wp-content\/uploads\/2023\/01\/05-1-1024x515.jpg 1024w, https:\/\/archive.sana.sy\/es\/wp-content\/uploads\/2023\/01\/05-1-150x75.jpg 150w, https:\/\/archive.sana.sy\/es\/wp-content\/uploads\/2023\/01\/05-1-768x386.jpg 768w, https:\/\/archive.sana.sy\/es\/wp-content\/uploads\/2023\/01\/05-1-1536x773.jpg 1536w, https:\/\/archive.sana.sy\/es\/wp-content\/uploads\/2023\/01\/05-1-2048x1031.jpg 2048w\" sizes=\"(max-width: 2560px) 100vw, 2560px\" \/><\/a>\n\t\t\t<\/div><\/figure><figure class='gallery-item'>\n\t\t\t<div class='gallery-icon landscape'>\n\t\t\t\t<a href='https:\/\/archive.sana.sy\/es\/?attachment_id=282577'><img loading=\"lazy\" decoding=\"async\" width=\"2560\" height=\"1589\" src=\"https:\/\/archive.sana.sy\/es\/wp-content\/uploads\/2023\/01\/06-1-scaled.jpg\" class=\"attachment-full size-full\" alt=\"\" srcset=\"https:\/\/archive.sana.sy\/es\/wp-content\/uploads\/2023\/01\/06-1-scaled.jpg 2560w, https:\/\/archive.sana.sy\/es\/wp-content\/uploads\/2023\/01\/06-1-300x186.jpg 300w, https:\/\/archive.sana.sy\/es\/wp-content\/uploads\/2023\/01\/06-1-1024x636.jpg 1024w, https:\/\/archive.sana.sy\/es\/wp-content\/uploads\/2023\/01\/06-1-150x93.jpg 150w, https:\/\/archive.sana.sy\/es\/wp-content\/uploads\/2023\/01\/06-1-768x477.jpg 768w, https:\/\/archive.sana.sy\/es\/wp-content\/uploads\/2023\/01\/06-1-1536x953.jpg 1536w, https:\/\/archive.sana.sy\/es\/wp-content\/uploads\/2023\/01\/06-1-2048x1271.jpg 2048w\" sizes=\"(max-width: 2560px) 100vw, 2560px\" \/><\/a>\n\t\t\t<\/div><\/figure>\n\t\t<\/div>\n\n","protected":false},"excerpt":{"rendered":"<p>Al-Assad afirm\u00f3 que la batalla pol\u00edtica y medi\u00e1tica se encuentra ahora en su punto m\u00e1s intenso en el mundo, y que el recrudecimiento de estas batallas requiere m\u00e1s estabilidad y claridad en las posiciones pol\u00edticas, refiri\u00e9ndose en este respecto a la postura de apoyo de Siria de la operaci\u00f3n militar especial rusa en Donb\u00e1s. Damasco, &hellip;<\/p>\n","protected":false},"author":39,"featured_media":282589,"comment_status":"closed","ping_status":"closed","sticky":false,"template":"","format":"standard","meta":{"footnotes":""},"categories":[597,16237,467,583,626],"tags":[],"class_list":["post-282568","post","type-post","status-publish","format-standard","has-post-thumbnail","","category-cinta-de-noticias","category-presidence-de-la-republique-arabe-syria","category-siria-y-el-mundo","category-slide","category-sr-presidente"],"_links":{"self":[{"href":"https:\/\/archive.sana.sy\/es\/index.php?rest_route=\/wp\/v2\/posts\/282568"}],"collection":[{"href":"https:\/\/archive.sana.sy\/es\/index.php?rest_route=\/wp\/v2\/posts"}],"about":[{"href":"https:\/\/archive.sana.sy\/es\/index.php?rest_route=\/wp\/v2\/types\/post"}],"author":[{"embeddable":true,"href":"https:\/\/archive.sana.sy\/es\/index.php?rest_route=\/wp\/v2\/users\/39"}],"replies":[{"embeddable":true,"href":"https:\/\/archive.sana.sy\/es\/index.php?rest_route=%2Fwp%2Fv2%2Fcomments&post=282568"}],"version-history":[{"count":0,"href":"https:\/\/archive.sana.sy\/es\/index.php?rest_route=\/wp\/v2\/posts\/282568\/revisions"}],"wp:featuredmedia":[{"embeddable":true,"href":"https:\/\/archive.sana.sy\/es\/index.php?rest_route=\/wp\/v2\/media\/282589"}],"wp:attachment":[{"href":"https:\/\/archive.sana.sy\/es\/index.php?rest_route=%2Fwp%2Fv2%2Fmedia&parent=282568"}],"wp:term":[{"taxonomy":"category","embeddable":true,"href":"https:\/\/archive.sana.sy\/es\/index.php?rest_route=%2Fwp%2Fv2%2Fcategories&post=282568"},{"taxonomy":"post_tag","embeddable":true,"href":"https:\/\/archive.sana.sy\/es\/index.php?rest_route=%2Fwp%2Fv2%2Ftags&post=282568"}],"curies":[{"name":"wp","href":"https:\/\/api.w.org\/{rel}","templated":true}]}}