{"id":282585,"date":"2023-01-12T18:01:41","date_gmt":"2023-01-12T16:01:41","guid":{"rendered":"http:\/\/107.6.182.27\/es\/?p=282585"},"modified":"2023-01-12T18:01:41","modified_gmt":"2023-01-12T16:01:41","slug":"fuego-de-artilleria-saudi-hiere-a-3-civiles-en-yemen","status":"publish","type":"post","link":"https:\/\/archive.sana.sy\/es\/?p=282585","title":{"rendered":"Fuego de artiller\u00eda saud\u00ed hiere a 3 civiles en Yemen"},"content":{"rendered":"<p style=\"text-align: justify;\"><span style=\"color: #800000;\"><strong>San\u00e1, 12 ene (SANA)<\/strong> <\/span>Al menos tres civiles yemen\u00edes resultaron heridos hoy como consecuencia del bombardeo de artiller\u00eda de las fuerzas de la agresi\u00f3n saud\u00ed contra la gobernaci\u00f3n de Saada, en el norte de Yemen.<\/p>\n<p style=\"text-align: justify;\">El portal informativo de Al-Masirah detall\u00f3 que el bombardeo de artiller\u00eda de las fuerzas de agresi\u00f3n tuvo como objetivo el distrito fronterizo de Shada en la gobernaci\u00f3n de Saada, hiriendo a tres personas que posteriormente fueron trasladadas al hospital para recibir tratamiento.<\/p>\n<p style=\"text-align: justify;\">Con anterioridad, tres personas de una misma familia, incluidos dos ni\u00f1os, murieron y una cuarta result\u00f3 herida como resultado de la explosi\u00f3n de una mina dejada por los mercenarios de la agresi\u00f3n saud\u00ed en la gobernaci\u00f3n de Hodeidah, en el oeste de Yemen.<\/p>\n<p><em>mm<\/em><\/p>\n","protected":false},"excerpt":{"rendered":"<p>San\u00e1, 12 ene (SANA) Al menos tres civiles yemen\u00edes resultaron heridos hoy como consecuencia del bombardeo de artiller\u00eda de las fuerzas de la agresi\u00f3n saud\u00ed contra la gobernaci\u00f3n de Saada, en el norte de Yemen. El portal informativo de Al-Masirah detall\u00f3 que el bombardeo de artiller\u00eda de las fuerzas de agresi\u00f3n tuvo como objetivo el &hellip;<\/p>\n","protected":false},"author":36,"featured_media":282586,"comment_status":"closed","ping_status":"closed","sticky":false,"template":"","format":"standard","meta":{"footnotes":""},"categories":[597,456,16687,20724,457],"tags":[],"class_list":["post-282585","post","type-post","status-publish","format-standard","has-post-thumbnail","","category-cinta-de-noticias","category-arabe-internacional-politica","category-internacionales","category-minuto-a-minuto","category-noticias-arabe-internacional-politica"],"_links":{"self":[{"href":"https:\/\/archive.sana.sy\/es\/index.php?rest_route=\/wp\/v2\/posts\/282585"}],"collection":[{"href":"https:\/\/archive.sana.sy\/es\/index.php?rest_route=\/wp\/v2\/posts"}],"about":[{"href":"https:\/\/archive.sana.sy\/es\/index.php?rest_route=\/wp\/v2\/types\/post"}],"author":[{"embeddable":true,"href":"https:\/\/archive.sana.sy\/es\/index.php?rest_route=\/wp\/v2\/users\/36"}],"replies":[{"embeddable":true,"href":"https:\/\/archive.sana.sy\/es\/index.php?rest_route=%2Fwp%2Fv2%2Fcomments&post=282585"}],"version-history":[{"count":0,"href":"https:\/\/archive.sana.sy\/es\/index.php?rest_route=\/wp\/v2\/posts\/282585\/revisions"}],"wp:featuredmedia":[{"embeddable":true,"href":"https:\/\/archive.sana.sy\/es\/index.php?rest_route=\/wp\/v2\/media\/282586"}],"wp:attachment":[{"href":"https:\/\/archive.sana.sy\/es\/index.php?rest_route=%2Fwp%2Fv2%2Fmedia&parent=282585"}],"wp:term":[{"taxonomy":"category","embeddable":true,"href":"https:\/\/archive.sana.sy\/es\/index.php?rest_route=%2Fwp%2Fv2%2Fcategories&post=282585"},{"taxonomy":"post_tag","embeddable":true,"href":"https:\/\/archive.sana.sy\/es\/index.php?rest_route=%2Fwp%2Fv2%2Ftags&post=282585"}],"curies":[{"name":"wp","href":"https:\/\/api.w.org\/{rel}","templated":true}]}}