{"id":282590,"date":"2023-01-12T18:24:25","date_gmt":"2023-01-12T16:24:25","guid":{"rendered":"http:\/\/107.6.182.27\/es\/?p=282590"},"modified":"2023-01-12T18:24:25","modified_gmt":"2023-01-12T16:24:25","slug":"fuerzas-de-ocupacion-israelies-matan-a-un-joven-palestino-en-cisjordania-2","status":"publish","type":"post","link":"https:\/\/archive.sana.sy\/es\/?p=282590","title":{"rendered":"Fuerzas de ocupaci\u00f3n israel\u00edes matan a un joven palestino en Cisjordania"},"content":{"rendered":"<p style=\"text-align: justify;\"><span style=\"color: #800000;\"><strong>Jerusal\u00e9n ocupada, 12 ene (SANA)<\/strong> <\/span>Un palestino muri\u00f3 esta noche y otro result\u00f3 herido durante la incursi\u00f3n de las fuerzas de ocupaci\u00f3n israel\u00edes en la ciudad de Qabatiya, al sur de Jenin, en Cisjordania.<\/p>\n<p style=\"text-align: justify;\">La agencia de noticias <em>WAFA<\/em> inform\u00f3 que las fuerzas de ocupaci\u00f3n asaltaron la ciudad, atacaron a los palestinos y rodearon una casa, lo que provoc\u00f3 la muerte de un joven, heridas a otro y el arresto de un tercero.<\/p>\n<p style=\"text-align: justify;\">El Ministerio de Salud palestino dijo que Habib Muhammad Abdel-Rahman Kamil, de 25 a\u00f1os, recibi\u00f3 un disparo en la cabeza, mientras que otro joven result\u00f3 gravemente herido en el pecho.<\/p>\n<p><em>mm<\/em><\/p>\n<p style=\"text-align: justify;\">\n","protected":false},"excerpt":{"rendered":"<p>Jerusal\u00e9n ocupada, 12 ene (SANA) Un palestino muri\u00f3 esta noche y otro result\u00f3 herido durante la incursi\u00f3n de las fuerzas de ocupaci\u00f3n israel\u00edes en la ciudad de Qabatiya, al sur de Jenin, en Cisjordania. La agencia de noticias WAFA inform\u00f3 que las fuerzas de ocupaci\u00f3n asaltaron la ciudad, atacaron a los palestinos y rodearon una &hellip;<\/p>\n","protected":false},"author":36,"featured_media":282591,"comment_status":"closed","ping_status":"closed","sticky":false,"template":"","format":"standard","meta":{"footnotes":""},"categories":[597,456,16687,20724,457],"tags":[],"class_list":["post-282590","post","type-post","status-publish","format-standard","has-post-thumbnail","","category-cinta-de-noticias","category-arabe-internacional-politica","category-internacionales","category-minuto-a-minuto","category-noticias-arabe-internacional-politica"],"_links":{"self":[{"href":"https:\/\/archive.sana.sy\/es\/index.php?rest_route=\/wp\/v2\/posts\/282590"}],"collection":[{"href":"https:\/\/archive.sana.sy\/es\/index.php?rest_route=\/wp\/v2\/posts"}],"about":[{"href":"https:\/\/archive.sana.sy\/es\/index.php?rest_route=\/wp\/v2\/types\/post"}],"author":[{"embeddable":true,"href":"https:\/\/archive.sana.sy\/es\/index.php?rest_route=\/wp\/v2\/users\/36"}],"replies":[{"embeddable":true,"href":"https:\/\/archive.sana.sy\/es\/index.php?rest_route=%2Fwp%2Fv2%2Fcomments&post=282590"}],"version-history":[{"count":0,"href":"https:\/\/archive.sana.sy\/es\/index.php?rest_route=\/wp\/v2\/posts\/282590\/revisions"}],"wp:featuredmedia":[{"embeddable":true,"href":"https:\/\/archive.sana.sy\/es\/index.php?rest_route=\/wp\/v2\/media\/282591"}],"wp:attachment":[{"href":"https:\/\/archive.sana.sy\/es\/index.php?rest_route=%2Fwp%2Fv2%2Fmedia&parent=282590"}],"wp:term":[{"taxonomy":"category","embeddable":true,"href":"https:\/\/archive.sana.sy\/es\/index.php?rest_route=%2Fwp%2Fv2%2Fcategories&post=282590"},{"taxonomy":"post_tag","embeddable":true,"href":"https:\/\/archive.sana.sy\/es\/index.php?rest_route=%2Fwp%2Fv2%2Ftags&post=282590"}],"curies":[{"name":"wp","href":"https:\/\/api.w.org\/{rel}","templated":true}]}}