{"id":282649,"date":"2023-01-13T14:17:36","date_gmt":"2023-01-13T12:17:36","guid":{"rendered":"http:\/\/107.6.182.27\/es\/?p=282649"},"modified":"2023-01-13T14:25:25","modified_gmt":"2023-01-13T12:25:25","slug":"dos-palestinos-resultan-heridos-por-disparos-de-soldados-israelies-en-ramallah-y-al-bireh","status":"publish","type":"post","link":"https:\/\/archive.sana.sy\/es\/?p=282649","title":{"rendered":"Dos palestinos resultan heridos por disparos de soldados israel\u00edes en Ramallah y Al-Bireh"},"content":{"rendered":"<p style=\"text-align: justify;\"><span style=\"color: #800000;\"><strong>Jerusal\u00e9n ocupada, 13 ene (SANA)\u00a0<\/strong><\/span> Dos palestinos resultaron heridos hoy durante el asalto de las fuerzas de ocupaci\u00f3n israel\u00edes a las ciudades de Ramallah y Al-Bireh en Cisjordania.<\/p>\n<p style=\"text-align: justify;\">La agencia palestina de noticias Wafa declar\u00f3 que las tropas del ocupante israel\u00ed irrumpieron en el campamentos de refugiados de Jalazoun, al norte de Ramallah, y en la ciudad de Al-Bireh, y agredieron a los palestinos con balas y bombas de gas lacrim\u00f3geno, lo que provoc\u00f3 la lesi\u00f3n de dos j\u00f3venes, asimismo arrestaron a otro palestino.<\/p>\n<p style=\"text-align: justify;\">En v\u00edsperas, varios palestinos resultaron heridos cuando militantes israel\u00edes irrumpieron en la ciudad de Al-Khader, al sur de Bel\u00e9n en Cisjordania.<\/p>\n<p style=\"text-align: justify;\">sm<\/p>\n","protected":false},"excerpt":{"rendered":"<p>Jerusal\u00e9n ocupada, 13 ene (SANA)\u00a0 Dos palestinos resultaron heridos hoy durante el asalto de las fuerzas de ocupaci\u00f3n israel\u00edes a las ciudades de Ramallah y Al-Bireh en Cisjordania. La agencia palestina de noticias Wafa declar\u00f3 que las tropas del ocupante israel\u00ed irrumpieron en el campamentos de refugiados de Jalazoun, al norte de Ramallah, y en &hellip;<\/p>\n","protected":false},"author":39,"featured_media":282650,"comment_status":"closed","ping_status":"closed","sticky":false,"template":"","format":"standard","meta":{"footnotes":""},"categories":[597,456,20724,7541],"tags":[],"class_list":["post-282649","post","type-post","status-publish","format-standard","has-post-thumbnail","","category-cinta-de-noticias","category-arabe-internacional-politica","category-minuto-a-minuto","category-ultimas-noticias"],"_links":{"self":[{"href":"https:\/\/archive.sana.sy\/es\/index.php?rest_route=\/wp\/v2\/posts\/282649"}],"collection":[{"href":"https:\/\/archive.sana.sy\/es\/index.php?rest_route=\/wp\/v2\/posts"}],"about":[{"href":"https:\/\/archive.sana.sy\/es\/index.php?rest_route=\/wp\/v2\/types\/post"}],"author":[{"embeddable":true,"href":"https:\/\/archive.sana.sy\/es\/index.php?rest_route=\/wp\/v2\/users\/39"}],"replies":[{"embeddable":true,"href":"https:\/\/archive.sana.sy\/es\/index.php?rest_route=%2Fwp%2Fv2%2Fcomments&post=282649"}],"version-history":[{"count":0,"href":"https:\/\/archive.sana.sy\/es\/index.php?rest_route=\/wp\/v2\/posts\/282649\/revisions"}],"wp:featuredmedia":[{"embeddable":true,"href":"https:\/\/archive.sana.sy\/es\/index.php?rest_route=\/wp\/v2\/media\/282650"}],"wp:attachment":[{"href":"https:\/\/archive.sana.sy\/es\/index.php?rest_route=%2Fwp%2Fv2%2Fmedia&parent=282649"}],"wp:term":[{"taxonomy":"category","embeddable":true,"href":"https:\/\/archive.sana.sy\/es\/index.php?rest_route=%2Fwp%2Fv2%2Fcategories&post=282649"},{"taxonomy":"post_tag","embeddable":true,"href":"https:\/\/archive.sana.sy\/es\/index.php?rest_route=%2Fwp%2Fv2%2Ftags&post=282649"}],"curies":[{"name":"wp","href":"https:\/\/api.w.org\/{rel}","templated":true}]}}