{"id":282698,"date":"2023-01-13T18:01:28","date_gmt":"2023-01-13T16:01:28","guid":{"rendered":"http:\/\/107.6.182.27\/es\/?p=282698"},"modified":"2023-01-13T18:01:28","modified_gmt":"2023-01-13T16:01:28","slug":"general-aleman-las-armas-occidentales-no-impediran-que-el-ejercito-ruso-controle-todo-el-donbas","status":"publish","type":"post","link":"https:\/\/archive.sana.sy\/es\/?p=282698","title":{"rendered":"General alem\u00e1n: las armas occidentales no impedir\u00e1n que el ej\u00e9rcito ruso controle todo el Donbas"},"content":{"rendered":"<p style=\"text-align: justify;\">\n<strong><span style=\"color: #800000;\">Berl\u00edn, 13 ene (SANA)<\/span><\/strong> El general alem\u00e1n Eric Wadan pronostic\u00f3 que el ej\u00e9rcito ruso impusiera pronto el control sobre todo el territorio de la regi\u00f3n de Donbas, y subray\u00f3 que las armas militares estadounidenses enviadas al r\u00e9gimen de Kiev no detendr\u00edan esto.<\/p>\n<p style=\"text-align: justify;\">\u201cEl ej\u00e9rcito ruso avanza claramente, y es probable que pronto pueda controlar todo Donbas\u201d, dijo Wadan, quien trabaj\u00f3 como asesor en pol\u00edtica militar de la excanciller alemana Angela Merkel, en una entrevista con la revista alemana. &#8220;Ema&#8221;.<\/p>\n<p style=\"text-align: justify;\">El general alem\u00e1n opin\u00f3 que Occidente podr\u00eda proporcionar a las fuerzas ucranianas veh\u00edculos blindados y tanques modernos, pero eso no cambiar\u00eda nada de la situaci\u00f3n en los campos de batalla all\u00ed.<\/p>\n<p style=\"text-align: justify;\">lch\/fm<\/p>\n","protected":false},"excerpt":{"rendered":"<p>Berl\u00edn, 13 ene (SANA) El general alem\u00e1n Eric Wadan pronostic\u00f3 que el ej\u00e9rcito ruso impusiera pronto el control sobre todo el territorio de la regi\u00f3n de Donbas, y subray\u00f3 que las armas militares estadounidenses enviadas al r\u00e9gimen de Kiev no detendr\u00edan esto. \u201cEl ej\u00e9rcito ruso avanza claramente, y es probable que pronto pueda controlar todo &hellip;<\/p>\n","protected":false},"author":41,"featured_media":282699,"comment_status":"closed","ping_status":"closed","sticky":false,"template":"","format":"standard","meta":{"footnotes":""},"categories":[456,16687],"tags":[],"class_list":["post-282698","post","type-post","status-publish","format-standard","has-post-thumbnail","","category-arabe-internacional-politica","category-internacionales"],"_links":{"self":[{"href":"https:\/\/archive.sana.sy\/es\/index.php?rest_route=\/wp\/v2\/posts\/282698"}],"collection":[{"href":"https:\/\/archive.sana.sy\/es\/index.php?rest_route=\/wp\/v2\/posts"}],"about":[{"href":"https:\/\/archive.sana.sy\/es\/index.php?rest_route=\/wp\/v2\/types\/post"}],"author":[{"embeddable":true,"href":"https:\/\/archive.sana.sy\/es\/index.php?rest_route=\/wp\/v2\/users\/41"}],"replies":[{"embeddable":true,"href":"https:\/\/archive.sana.sy\/es\/index.php?rest_route=%2Fwp%2Fv2%2Fcomments&post=282698"}],"version-history":[{"count":0,"href":"https:\/\/archive.sana.sy\/es\/index.php?rest_route=\/wp\/v2\/posts\/282698\/revisions"}],"wp:featuredmedia":[{"embeddable":true,"href":"https:\/\/archive.sana.sy\/es\/index.php?rest_route=\/wp\/v2\/media\/282699"}],"wp:attachment":[{"href":"https:\/\/archive.sana.sy\/es\/index.php?rest_route=%2Fwp%2Fv2%2Fmedia&parent=282698"}],"wp:term":[{"taxonomy":"category","embeddable":true,"href":"https:\/\/archive.sana.sy\/es\/index.php?rest_route=%2Fwp%2Fv2%2Fcategories&post=282698"},{"taxonomy":"post_tag","embeddable":true,"href":"https:\/\/archive.sana.sy\/es\/index.php?rest_route=%2Fwp%2Fv2%2Ftags&post=282698"}],"curies":[{"name":"wp","href":"https:\/\/api.w.org\/{rel}","templated":true}]}}