{"id":282702,"date":"2023-01-13T19:22:39","date_gmt":"2023-01-13T17:22:39","guid":{"rendered":"http:\/\/107.6.182.27\/es\/?p=282702"},"modified":"2023-01-13T19:22:39","modified_gmt":"2023-01-13T17:22:39","slug":"siria-y-rusia-examinan-cooperacion-bilateral-y-recientes-desarrollos-internacionales","status":"publish","type":"post","link":"https:\/\/archive.sana.sy\/es\/?p=282702","title":{"rendered":"Siria y Rusia examinan cooperaci\u00f3n bilateral y recientes desarrollos internacionales"},"content":{"rendered":"<p style=\"text-align: justify;\"><span style=\"color: #800000;\"><strong>Mosc\u00fa, 13 ene (SANA)\u00a0 \u00a0<\/strong><\/span>El Viceministro de Relaciones Exteriores de Rusia, Alexander Pankin, repas\u00f3 con el embajador de Siria en Mosc\u00fa, Bashar Al-Jaafari, la cooperaci\u00f3n sirio-rusa en varios asuntos y los recientes desarrollos en el escenario internacional.<\/p>\n<p style=\"text-align: justify;\">\u201cPankin y al-Jaafari discutieron durante su reuni\u00f3n hoy en Mosc\u00fa, cuestiones pol\u00edticas, econ\u00f3micas, comerciales, financieras e internacionales, en el marco de la coordinaci\u00f3n bilateral entre los dos pa\u00edses en varios campos\u201d, inform\u00f3 la Canciller\u00eda rusa por medio de un comunicado.<\/p>\n<p style=\"text-align: justify;\">Asimismo, al-Jaafari y el jefe de la Academia Diplom\u00e1tica de la Canciller\u00eda de Rusia, Alexander Yakovenko, intercambiaron puntos de vista sobre la situaci\u00f3n en Siria y la regi\u00f3n.<\/p>\n<p style=\"text-align: justify;\">Las dos partes se\u00f1alaron el alto nivel de cooperaci\u00f3n bilateral entre Rusia y Siria en varios temas, y destacaron la experiencia positiva de la relaci\u00f3n entre la Academia rusa y el Instituto Diplom\u00e1tico del Ministerio de Asuntos Exteriores de Siria.<\/p>\n<p style=\"text-align: justify;\">Yakovenko pidi\u00f3 que se env\u00eden j\u00f3venes diplom\u00e1ticos sirios para su capacitaci\u00f3n durante dos semanas en la Academia, mientras al-Jaafari pidi\u00f3 que se firme un acuerdo entre las dos instituciones.<\/p>\n<p style=\"text-align: justify;\">rr\/fm<\/p>\n","protected":false},"excerpt":{"rendered":"<p>Mosc\u00fa, 13 ene (SANA)\u00a0 \u00a0El Viceministro de Relaciones Exteriores de Rusia, Alexander Pankin, repas\u00f3 con el embajador de Siria en Mosc\u00fa, Bashar Al-Jaafari, la cooperaci\u00f3n sirio-rusa en varios asuntos y los recientes desarrollos en el escenario internacional. \u201cPankin y al-Jaafari discutieron durante su reuni\u00f3n hoy en Mosc\u00fa, cuestiones pol\u00edticas, econ\u00f3micas, comerciales, financieras e internacionales, en &hellip;<\/p>\n","protected":false},"author":31,"featured_media":282708,"comment_status":"closed","ping_status":"closed","sticky":false,"template":"","format":"standard","meta":{"footnotes":""},"categories":[597,467,7541],"tags":[6695,6553],"class_list":["post-282702","post","type-post","status-publish","format-standard","has-post-thumbnail","","category-cinta-de-noticias","category-siria-y-el-mundo","category-ultimas-noticias","tag-rusia","tag-siria"],"_links":{"self":[{"href":"https:\/\/archive.sana.sy\/es\/index.php?rest_route=\/wp\/v2\/posts\/282702"}],"collection":[{"href":"https:\/\/archive.sana.sy\/es\/index.php?rest_route=\/wp\/v2\/posts"}],"about":[{"href":"https:\/\/archive.sana.sy\/es\/index.php?rest_route=\/wp\/v2\/types\/post"}],"author":[{"embeddable":true,"href":"https:\/\/archive.sana.sy\/es\/index.php?rest_route=\/wp\/v2\/users\/31"}],"replies":[{"embeddable":true,"href":"https:\/\/archive.sana.sy\/es\/index.php?rest_route=%2Fwp%2Fv2%2Fcomments&post=282702"}],"version-history":[{"count":0,"href":"https:\/\/archive.sana.sy\/es\/index.php?rest_route=\/wp\/v2\/posts\/282702\/revisions"}],"wp:featuredmedia":[{"embeddable":true,"href":"https:\/\/archive.sana.sy\/es\/index.php?rest_route=\/wp\/v2\/media\/282708"}],"wp:attachment":[{"href":"https:\/\/archive.sana.sy\/es\/index.php?rest_route=%2Fwp%2Fv2%2Fmedia&parent=282702"}],"wp:term":[{"taxonomy":"category","embeddable":true,"href":"https:\/\/archive.sana.sy\/es\/index.php?rest_route=%2Fwp%2Fv2%2Fcategories&post=282702"},{"taxonomy":"post_tag","embeddable":true,"href":"https:\/\/archive.sana.sy\/es\/index.php?rest_route=%2Fwp%2Fv2%2Ftags&post=282702"}],"curies":[{"name":"wp","href":"https:\/\/api.w.org\/{rel}","templated":true}]}}