{"id":282750,"date":"2023-01-14T08:44:32","date_gmt":"2023-01-14T06:44:32","guid":{"rendered":"http:\/\/107.6.182.27\/es\/?p=282750"},"modified":"2023-01-14T08:47:30","modified_gmt":"2023-01-14T06:47:30","slug":"presidenta-de-peru-asegura-que-no-renunciara-pese-a-protestas-en-su-pais","status":"publish","type":"post","link":"https:\/\/archive.sana.sy\/es\/?p=282750","title":{"rendered":"Presidenta de Per\u00fa asegura que no renunciar\u00e1 pese a protestas en su pa\u00eds"},"content":{"rendered":"<p style=\"text-align: justify;\"><span style=\"color: #800000;\"><strong>Damasco, 14 ene (SANA)\u00a0<\/strong><\/span> La presidenta de Per\u00fa, Dina Boluarte, dio un mensaje a la naci\u00f3n, ayer 13 de enero, a prop\u00f3sito del descontento social. En su discurso, afirm\u00f3 que no piensa abandonar el poder.<\/p>\n<p style=\"text-align: justify;\">&#8220;Si en algo nos hemos equivocado en encontrar la paz y la calma, pido perd\u00f3n al pueblo peruano&#8221;, se\u00f1al\u00f3 la mandataria.<\/p>\n<p style=\"text-align: justify;\">Agreg\u00f3 que su compromiso es con Per\u00fa &#8221; y no con este grupo min\u00fasculo que est\u00e1 haciendo sangrar a la patria&#8221;, coment\u00f3 en su mensaje difundido, tambi\u00e9n, en redes sociales.<\/p>\n<p style=\"text-align: justify;\">Fuente: Sputnik<\/p>\n","protected":false},"excerpt":{"rendered":"<p>Damasco, 14 ene (SANA)\u00a0 La presidenta de Per\u00fa, Dina Boluarte, dio un mensaje a la naci\u00f3n, ayer 13 de enero, a prop\u00f3sito del descontento social. En su discurso, afirm\u00f3 que no piensa abandonar el poder. &#8220;Si en algo nos hemos equivocado en encontrar la paz y la calma, pido perd\u00f3n al pueblo peruano&#8221;, se\u00f1al\u00f3 la &hellip;<\/p>\n","protected":false},"author":39,"featured_media":282751,"comment_status":"closed","ping_status":"closed","sticky":false,"template":"","format":"standard","meta":{"footnotes":""},"categories":[597,456,16687,20724,7541],"tags":[],"class_list":["post-282750","post","type-post","status-publish","format-standard","has-post-thumbnail","","category-cinta-de-noticias","category-arabe-internacional-politica","category-internacionales","category-minuto-a-minuto","category-ultimas-noticias"],"_links":{"self":[{"href":"https:\/\/archive.sana.sy\/es\/index.php?rest_route=\/wp\/v2\/posts\/282750"}],"collection":[{"href":"https:\/\/archive.sana.sy\/es\/index.php?rest_route=\/wp\/v2\/posts"}],"about":[{"href":"https:\/\/archive.sana.sy\/es\/index.php?rest_route=\/wp\/v2\/types\/post"}],"author":[{"embeddable":true,"href":"https:\/\/archive.sana.sy\/es\/index.php?rest_route=\/wp\/v2\/users\/39"}],"replies":[{"embeddable":true,"href":"https:\/\/archive.sana.sy\/es\/index.php?rest_route=%2Fwp%2Fv2%2Fcomments&post=282750"}],"version-history":[{"count":0,"href":"https:\/\/archive.sana.sy\/es\/index.php?rest_route=\/wp\/v2\/posts\/282750\/revisions"}],"wp:featuredmedia":[{"embeddable":true,"href":"https:\/\/archive.sana.sy\/es\/index.php?rest_route=\/wp\/v2\/media\/282751"}],"wp:attachment":[{"href":"https:\/\/archive.sana.sy\/es\/index.php?rest_route=%2Fwp%2Fv2%2Fmedia&parent=282750"}],"wp:term":[{"taxonomy":"category","embeddable":true,"href":"https:\/\/archive.sana.sy\/es\/index.php?rest_route=%2Fwp%2Fv2%2Fcategories&post=282750"},{"taxonomy":"post_tag","embeddable":true,"href":"https:\/\/archive.sana.sy\/es\/index.php?rest_route=%2Fwp%2Fv2%2Ftags&post=282750"}],"curies":[{"name":"wp","href":"https:\/\/api.w.org\/{rel}","templated":true}]}}