{"id":282753,"date":"2023-01-14T09:20:17","date_gmt":"2023-01-14T07:20:17","guid":{"rendered":"http:\/\/107.6.182.27\/es\/?p=282753"},"modified":"2023-01-14T09:20:17","modified_gmt":"2023-01-14T07:20:17","slug":"militares-israelies-asesinan-a-tres-palestinos-al-sur-de-jenin","status":"publish","type":"post","link":"https:\/\/archive.sana.sy\/es\/?p=282753","title":{"rendered":"Militares israel\u00edes asesinan a tres palestinos al sur de Jenin"},"content":{"rendered":"<blockquote><p><span style=\"color: #800000;\"><em><strong>Con el asesinato de los tres j\u00f3venes, el n\u00famero de asesinados palestinos por disparos israel\u00edes aumenta a 12 desde principios de este a\u00f1o, incluidos tres ni\u00f1os.<\/strong><\/em><\/span><\/p><\/blockquote>\n<p style=\"text-align: justify;\"><span style=\"color: #000000;\"><strong>Jerusal\u00e9n ocupada, 14 ene (SANA)\u00a0<\/strong> <\/span>\u00a0Tres palestinos fueron asesinados por disparos de los militares del ocupante israel\u00ed, al sur de Jenin, en Cisjordania, uno de los cuales sucumbi\u00f3 a las heridas que sufri\u00f3 a principios de este a\u00f1o.<\/p>\n<p style=\"text-align: justify;\">Fuentes m\u00e9dicas palestinas informaron a la agencia WAFA que los dos j\u00f3venes, Izz al-Din Bassem Hamamra, de 24 a\u00f1os, y Amjad Adnan Khaliliya, de 23, fueron asesinados a tiros cuando soldados israel\u00edes abrieron fuego contra un autom\u00f3vil en el que viajaban en la entrada de la ciudad de Jaba en la carretera Jenin-Naplusa.<\/p>\n<p style=\"text-align: justify;\">Agregaron que el joven, Yazan Samer al-Ja&#8217;bari, de 19 a\u00f1os, de la ciudad de Al-Yamoun, sucumbi\u00f3 a una herida de bala disparada por los soldados israel\u00edes durante su asalto a la ciudad de Kafrdan, el d\u00eda dos de este mes en curso.<\/p>\n<p style=\"text-align: justify;\">Con el asesinato de los tres j\u00f3venes, el n\u00famero de asesinados palestinos por disparos israel\u00edes aumenta a 12 desde principios de este a\u00f1o, incluidos tres ni\u00f1os.<\/p>\n<p style=\"text-align: justify;\">sm<\/p>\n","protected":false},"excerpt":{"rendered":"<p>Con el asesinato de los tres j\u00f3venes, el n\u00famero de asesinados palestinos por disparos israel\u00edes aumenta a 12 desde principios de este a\u00f1o, incluidos tres ni\u00f1os. Jerusal\u00e9n ocupada, 14 ene (SANA)\u00a0 \u00a0Tres palestinos fueron asesinados por disparos de los militares del ocupante israel\u00ed, al sur de Jenin, en Cisjordania, uno de los cuales sucumbi\u00f3 a &hellip;<\/p>\n","protected":false},"author":39,"featured_media":282754,"comment_status":"closed","ping_status":"closed","sticky":false,"template":"","format":"standard","meta":{"footnotes":""},"categories":[597,456,16687,20724,7541],"tags":[],"class_list":["post-282753","post","type-post","status-publish","format-standard","has-post-thumbnail","","category-cinta-de-noticias","category-arabe-internacional-politica","category-internacionales","category-minuto-a-minuto","category-ultimas-noticias"],"_links":{"self":[{"href":"https:\/\/archive.sana.sy\/es\/index.php?rest_route=\/wp\/v2\/posts\/282753"}],"collection":[{"href":"https:\/\/archive.sana.sy\/es\/index.php?rest_route=\/wp\/v2\/posts"}],"about":[{"href":"https:\/\/archive.sana.sy\/es\/index.php?rest_route=\/wp\/v2\/types\/post"}],"author":[{"embeddable":true,"href":"https:\/\/archive.sana.sy\/es\/index.php?rest_route=\/wp\/v2\/users\/39"}],"replies":[{"embeddable":true,"href":"https:\/\/archive.sana.sy\/es\/index.php?rest_route=%2Fwp%2Fv2%2Fcomments&post=282753"}],"version-history":[{"count":0,"href":"https:\/\/archive.sana.sy\/es\/index.php?rest_route=\/wp\/v2\/posts\/282753\/revisions"}],"wp:featuredmedia":[{"embeddable":true,"href":"https:\/\/archive.sana.sy\/es\/index.php?rest_route=\/wp\/v2\/media\/282754"}],"wp:attachment":[{"href":"https:\/\/archive.sana.sy\/es\/index.php?rest_route=%2Fwp%2Fv2%2Fmedia&parent=282753"}],"wp:term":[{"taxonomy":"category","embeddable":true,"href":"https:\/\/archive.sana.sy\/es\/index.php?rest_route=%2Fwp%2Fv2%2Fcategories&post=282753"},{"taxonomy":"post_tag","embeddable":true,"href":"https:\/\/archive.sana.sy\/es\/index.php?rest_route=%2Fwp%2Fv2%2Ftags&post=282753"}],"curies":[{"name":"wp","href":"https:\/\/api.w.org\/{rel}","templated":true}]}}