{"id":282756,"date":"2023-01-14T09:55:03","date_gmt":"2023-01-14T07:55:03","guid":{"rendered":"http:\/\/107.6.182.27\/es\/?p=282756"},"modified":"2023-01-14T09:57:04","modified_gmt":"2023-01-14T07:57:04","slug":"rusia-ucrania-se-ha-convertido-en-una-empresa-militar-privada-de-la-otan","status":"publish","type":"post","link":"https:\/\/archive.sana.sy\/es\/?p=282756","title":{"rendered":"Nebenzia: Ucrania se ha convertido en una empresa militar privada de la OTAN"},"content":{"rendered":"<blockquote>\n<p style=\"text-align: justify;\"><em><span style=\"color: #800000;\"><strong>Indic\u00f3 que la cumbre de paz que Kiev pide es \u201cpropaganda vac\u00eda y alejada de la realidad, y que las reuniones organizadas por Occidente en el Consejo de Seguridad sobre Ucrania son un \u201cfestival de la hipocres\u00eda\u201d.<\/strong><\/span><\/em><\/p>\n<\/blockquote>\n<p style=\"text-align: justify;\"><strong>Nueva York, 14 ene (SANA) <\/strong>El representante permanente de Rusia ante las Naciones Unidas, Vassily Nebenzia, confirm\u00f3 que Ucrania se ha convertido en una empresa militar privada propiedad de la OTAN.<\/p>\n<p style=\"text-align: justify;\">\u201cUcrania se ha convertido en una de las empresas militares privadas afiliadas a la OTAN, le pagan dinero, le proporcionan armas e informaci\u00f3n de inteligencia y le especifican los blancos que tiene que atacar\u201d, seg\u00fan divulg\u00f3 RT citando a Nebenzia durante una reuni\u00f3n del Consejo de Seguridad, y se\u00f1al\u00f3 que la ilusi\u00f3n ahora se apodera de Kiev de que, gracias a la ayuda militar de la OTAN, podr\u00e1 derrotar a Rusia.<\/p>\n<p style=\"text-align: justify;\">El diplom\u00e1tico ruso se refiri\u00f3 al hecho de que el pueblo ucraniano est\u00e1 sufriendo como resultado de estas acciones, en las que su pa\u00eds se ve obligado a luchar en nombre de los dem\u00e1s.<\/p>\n<p style=\"text-align: justify;\">Indic\u00f3 que la cumbre de paz que Kiev pide es \u201cpropaganda vac\u00eda y alejada de la realidad, y que las reuniones organizadas por Occidente en el Consejo de Seguridad sobre Ucrania son un \u201cfestival de la hipocres\u00eda\u201d.<\/p>\n<p style=\"text-align: justify;\">sm<\/p>\n<p style=\"text-align: justify;\">\n","protected":false},"excerpt":{"rendered":"<p>Indic\u00f3 que la cumbre de paz que Kiev pide es \u201cpropaganda vac\u00eda y alejada de la realidad, y que las reuniones organizadas por Occidente en el Consejo de Seguridad sobre Ucrania son un \u201cfestival de la hipocres\u00eda\u201d. Nueva York, 14 ene (SANA) El representante permanente de Rusia ante las Naciones Unidas, Vassily Nebenzia, confirm\u00f3 que &hellip;<\/p>\n","protected":false},"author":39,"featured_media":282757,"comment_status":"closed","ping_status":"closed","sticky":false,"template":"","format":"standard","meta":{"footnotes":""},"categories":[597,456,16687,20724,7541],"tags":[],"class_list":["post-282756","post","type-post","status-publish","format-standard","has-post-thumbnail","","category-cinta-de-noticias","category-arabe-internacional-politica","category-internacionales","category-minuto-a-minuto","category-ultimas-noticias"],"_links":{"self":[{"href":"https:\/\/archive.sana.sy\/es\/index.php?rest_route=\/wp\/v2\/posts\/282756"}],"collection":[{"href":"https:\/\/archive.sana.sy\/es\/index.php?rest_route=\/wp\/v2\/posts"}],"about":[{"href":"https:\/\/archive.sana.sy\/es\/index.php?rest_route=\/wp\/v2\/types\/post"}],"author":[{"embeddable":true,"href":"https:\/\/archive.sana.sy\/es\/index.php?rest_route=\/wp\/v2\/users\/39"}],"replies":[{"embeddable":true,"href":"https:\/\/archive.sana.sy\/es\/index.php?rest_route=%2Fwp%2Fv2%2Fcomments&post=282756"}],"version-history":[{"count":0,"href":"https:\/\/archive.sana.sy\/es\/index.php?rest_route=\/wp\/v2\/posts\/282756\/revisions"}],"wp:featuredmedia":[{"embeddable":true,"href":"https:\/\/archive.sana.sy\/es\/index.php?rest_route=\/wp\/v2\/media\/282757"}],"wp:attachment":[{"href":"https:\/\/archive.sana.sy\/es\/index.php?rest_route=%2Fwp%2Fv2%2Fmedia&parent=282756"}],"wp:term":[{"taxonomy":"category","embeddable":true,"href":"https:\/\/archive.sana.sy\/es\/index.php?rest_route=%2Fwp%2Fv2%2Fcategories&post=282756"},{"taxonomy":"post_tag","embeddable":true,"href":"https:\/\/archive.sana.sy\/es\/index.php?rest_route=%2Fwp%2Fv2%2Ftags&post=282756"}],"curies":[{"name":"wp","href":"https:\/\/api.w.org\/{rel}","templated":true}]}}