{"id":282774,"date":"2023-01-14T12:08:07","date_gmt":"2023-01-14T10:08:07","guid":{"rendered":"http:\/\/107.6.182.27\/es\/?p=282774"},"modified":"2023-01-14T14:04:23","modified_gmt":"2023-01-14T12:04:23","slug":"canciller-de-iran-llega-a-siria-para-abordar-los-ultimos-desarrollos-regionales-e-internacionales","status":"publish","type":"post","link":"https:\/\/archive.sana.sy\/es\/?p=282774","title":{"rendered":"Canciller de Ir\u00e1n inicia visita a Siria"},"content":{"rendered":"<blockquote>\n<p style=\"text-align: justify;\"><em><span style=\"color: #800000;\"><strong>En declaraciones concedidas a la prensa tras su llegada, el jefe de la diplomacia iran\u00ed dijo que abordar\u00e1 en sus conversaciones las v\u00edas de impulsar las relaciones bilaterales y los recientes acontecimientos en el escenario regional e internacional.<\/strong><\/span><\/em><\/p>\n<\/blockquote>\n<p style=\"text-align: justify;\"><span style=\"color: #000000;\"><strong>Damasco, 14 ene (SANA)\u00a0 <\/strong><\/span>El ministro de Relaciones Exteriores de Ir\u00e1n, Hossein Amir Abdollahian, lleg\u00f3 hoy a Damasco al frente de una delegaci\u00f3n de alto nivel, donde tiene previsto sostener conversaciones con los altos funcionarios sirios sobre las relaciones bilaterales, cuestiones de mutuo inter\u00e9s y los recientes acontecimientos regionales e internacionales.<\/p>\n<p style=\"text-align: justify;\">El Canciller iran\u00ed fue recibido en el Aeropuerto Internacional de Damasco por el ministro de Asuntos Exteriores y Expatriados, Faisal Al-Mekdad.<\/p>\n<p style=\"text-align: justify;\">En declaraciones concedidas a la prensa tras su llegada, el jefe de la diplomacia iran\u00ed dijo que abordar\u00e1 en sus conversaciones las v\u00edas de impulsar las relaciones bilaterales y los recientes acontecimientos en el escenario regional e internacional.<\/p>\n<p style=\"text-align: justify;\">Unen a Siria e Ir\u00e1n relaciones estrat\u00e9gicas y mantienen alta coordinaci\u00f3n en los diferentes \u00e1mbitos en beneficio de los dos pueblos amigos.<\/p>\n<p style=\"text-align: justify;\">sm\/fm<\/p>\n<div id='gallery-1' class='gallery galleryid-282774 gallery-columns-1 gallery-size-full'><figure class='gallery-item'>\n\t\t\t<div class='gallery-icon landscape'>\n\t\t\t\t<a href='https:\/\/archive.sana.sy\/es\/?attachment_id=282785'><img loading=\"lazy\" decoding=\"async\" width=\"660\" height=\"416\" src=\"https:\/\/archive.sana.sy\/es\/wp-content\/uploads\/2023\/01\/WAS6207.jpg\" class=\"attachment-full size-full\" alt=\"\" srcset=\"https:\/\/archive.sana.sy\/es\/wp-content\/uploads\/2023\/01\/WAS6207.jpg 660w, https:\/\/archive.sana.sy\/es\/wp-content\/uploads\/2023\/01\/WAS6207-300x189.jpg 300w, https:\/\/archive.sana.sy\/es\/wp-content\/uploads\/2023\/01\/WAS6207-150x95.jpg 150w\" sizes=\"(max-width: 660px) 100vw, 660px\" \/><\/a>\n\t\t\t<\/div><\/figure><figure class='gallery-item'>\n\t\t\t<div class='gallery-icon landscape'>\n\t\t\t\t<a href='https:\/\/archive.sana.sy\/es\/?attachment_id=282786'><img loading=\"lazy\" decoding=\"async\" width=\"660\" height=\"428\" src=\"https:\/\/archive.sana.sy\/es\/wp-content\/uploads\/2023\/01\/WAS6301.jpg\" class=\"attachment-full size-full\" alt=\"\" srcset=\"https:\/\/archive.sana.sy\/es\/wp-content\/uploads\/2023\/01\/WAS6301.jpg 660w, https:\/\/archive.sana.sy\/es\/wp-content\/uploads\/2023\/01\/WAS6301-300x195.jpg 300w, https:\/\/archive.sana.sy\/es\/wp-content\/uploads\/2023\/01\/WAS6301-150x97.jpg 150w\" sizes=\"(max-width: 660px) 100vw, 660px\" \/><\/a>\n\t\t\t<\/div><\/figure><figure class='gallery-item'>\n\t\t\t<div class='gallery-icon landscape'>\n\t\t\t\t<a href='https:\/\/archive.sana.sy\/es\/?attachment_id=282787'><img loading=\"lazy\" decoding=\"async\" width=\"660\" height=\"430\" src=\"https:\/\/archive.sana.sy\/es\/wp-content\/uploads\/2023\/01\/WAS6329.jpg\" class=\"attachment-full size-full\" alt=\"\" srcset=\"https:\/\/archive.sana.sy\/es\/wp-content\/uploads\/2023\/01\/WAS6329.jpg 660w, https:\/\/archive.sana.sy\/es\/wp-content\/uploads\/2023\/01\/WAS6329-300x195.jpg 300w, https:\/\/archive.sana.sy\/es\/wp-content\/uploads\/2023\/01\/WAS6329-150x98.jpg 150w\" sizes=\"(max-width: 660px) 100vw, 660px\" \/><\/a>\n\t\t\t<\/div><\/figure><figure class='gallery-item'>\n\t\t\t<div class='gallery-icon landscape'>\n\t\t\t\t<a href='https:\/\/archive.sana.sy\/es\/?attachment_id=282788'><img loading=\"lazy\" decoding=\"async\" width=\"660\" height=\"428\" src=\"https:\/\/archive.sana.sy\/es\/wp-content\/uploads\/2023\/01\/WAS6354.jpg\" class=\"attachment-full size-full\" alt=\"\" srcset=\"https:\/\/archive.sana.sy\/es\/wp-content\/uploads\/2023\/01\/WAS6354.jpg 660w, https:\/\/archive.sana.sy\/es\/wp-content\/uploads\/2023\/01\/WAS6354-300x195.jpg 300w, https:\/\/archive.sana.sy\/es\/wp-content\/uploads\/2023\/01\/WAS6354-150x97.jpg 150w\" sizes=\"(max-width: 660px) 100vw, 660px\" \/><\/a>\n\t\t\t<\/div><\/figure>\n\t\t<\/div>\n\n<h1 style=\"text-align: justify;\"><\/h1>\n<p style=\"text-align: justify;\">\n","protected":false},"excerpt":{"rendered":"<p>En declaraciones concedidas a la prensa tras su llegada, el jefe de la diplomacia iran\u00ed dijo que abordar\u00e1 en sus conversaciones las v\u00edas de impulsar las relaciones bilaterales y los recientes acontecimientos en el escenario regional e internacional. Damasco, 14 ene (SANA)\u00a0 El ministro de Relaciones Exteriores de Ir\u00e1n, Hossein Amir Abdollahian, lleg\u00f3 hoy a &hellip;<\/p>\n","protected":false},"author":39,"featured_media":282789,"comment_status":"closed","ping_status":"closed","sticky":false,"template":"","format":"standard","meta":{"footnotes":""},"categories":[597,467,7541],"tags":[21740,6553,21741],"class_list":["post-282774","post","type-post","status-publish","format-standard","has-post-thumbnail","","category-cinta-de-noticias","category-siria-y-el-mundo","category-ultimas-noticias","tag-canciller-de-iran","tag-siria","tag-visita"],"_links":{"self":[{"href":"https:\/\/archive.sana.sy\/es\/index.php?rest_route=\/wp\/v2\/posts\/282774"}],"collection":[{"href":"https:\/\/archive.sana.sy\/es\/index.php?rest_route=\/wp\/v2\/posts"}],"about":[{"href":"https:\/\/archive.sana.sy\/es\/index.php?rest_route=\/wp\/v2\/types\/post"}],"author":[{"embeddable":true,"href":"https:\/\/archive.sana.sy\/es\/index.php?rest_route=\/wp\/v2\/users\/39"}],"replies":[{"embeddable":true,"href":"https:\/\/archive.sana.sy\/es\/index.php?rest_route=%2Fwp%2Fv2%2Fcomments&post=282774"}],"version-history":[{"count":0,"href":"https:\/\/archive.sana.sy\/es\/index.php?rest_route=\/wp\/v2\/posts\/282774\/revisions"}],"wp:featuredmedia":[{"embeddable":true,"href":"https:\/\/archive.sana.sy\/es\/index.php?rest_route=\/wp\/v2\/media\/282789"}],"wp:attachment":[{"href":"https:\/\/archive.sana.sy\/es\/index.php?rest_route=%2Fwp%2Fv2%2Fmedia&parent=282774"}],"wp:term":[{"taxonomy":"category","embeddable":true,"href":"https:\/\/archive.sana.sy\/es\/index.php?rest_route=%2Fwp%2Fv2%2Fcategories&post=282774"},{"taxonomy":"post_tag","embeddable":true,"href":"https:\/\/archive.sana.sy\/es\/index.php?rest_route=%2Fwp%2Fv2%2Ftags&post=282774"}],"curies":[{"name":"wp","href":"https:\/\/api.w.org\/{rel}","templated":true}]}}