{"id":282813,"date":"2023-01-14T14:43:51","date_gmt":"2023-01-14T12:43:51","guid":{"rendered":"http:\/\/107.6.182.27\/es\/?p=282813"},"modified":"2023-01-14T14:43:51","modified_gmt":"2023-01-14T12:43:51","slug":"fuerzas-iraquies-arrestan-a-33-terroristas","status":"publish","type":"post","link":"https:\/\/archive.sana.sy\/es\/?p=282813","title":{"rendered":"Fuerzas iraqu\u00edes arrestan a 33 terroristas"},"content":{"rendered":"<p style=\"text-align: justify;\"><span style=\"color: #800000;\"><strong>Bagdad, 14 ene (SANA)\u00a0<\/strong> <\/span>Las fuerzas iraqu\u00edes arrestaron a decenas de terroristas durante operaciones realizadas en varias provincias del pa\u00eds.<\/p>\n<p style=\"text-align: justify;\">El Servicio de Seguridad Iraqu\u00ed inform\u00f3 en una declaraci\u00f3n que hab\u00eda llevado a cabo una serie de operaciones antiterroristas cualitativas exitosas, durante las cuales logr\u00f3 arrestar a 33 personas buscadas, incluidas cabecillas de la organizaci\u00f3n terrorista \u201cDaesh\u201d que estaban activas en las gobernaciones de Anbar, Nineveh, Kirkuk, Diyala y la capital, Bagdad.<\/p>\n<p style=\"text-align: justify;\">sm<\/p>\n<p style=\"text-align: justify;\">\n","protected":false},"excerpt":{"rendered":"<p>Bagdad, 14 ene (SANA)\u00a0 Las fuerzas iraqu\u00edes arrestaron a decenas de terroristas durante operaciones realizadas en varias provincias del pa\u00eds. El Servicio de Seguridad Iraqu\u00ed inform\u00f3 en una declaraci\u00f3n que hab\u00eda llevado a cabo una serie de operaciones antiterroristas cualitativas exitosas, durante las cuales logr\u00f3 arrestar a 33 personas buscadas, incluidas cabecillas de la organizaci\u00f3n &hellip;<\/p>\n","protected":false},"author":39,"featured_media":282814,"comment_status":"closed","ping_status":"closed","sticky":false,"template":"","format":"standard","meta":{"footnotes":""},"categories":[597,456,16687,7541],"tags":[],"class_list":["post-282813","post","type-post","status-publish","format-standard","has-post-thumbnail","","category-cinta-de-noticias","category-arabe-internacional-politica","category-internacionales","category-ultimas-noticias"],"_links":{"self":[{"href":"https:\/\/archive.sana.sy\/es\/index.php?rest_route=\/wp\/v2\/posts\/282813"}],"collection":[{"href":"https:\/\/archive.sana.sy\/es\/index.php?rest_route=\/wp\/v2\/posts"}],"about":[{"href":"https:\/\/archive.sana.sy\/es\/index.php?rest_route=\/wp\/v2\/types\/post"}],"author":[{"embeddable":true,"href":"https:\/\/archive.sana.sy\/es\/index.php?rest_route=\/wp\/v2\/users\/39"}],"replies":[{"embeddable":true,"href":"https:\/\/archive.sana.sy\/es\/index.php?rest_route=%2Fwp%2Fv2%2Fcomments&post=282813"}],"version-history":[{"count":0,"href":"https:\/\/archive.sana.sy\/es\/index.php?rest_route=\/wp\/v2\/posts\/282813\/revisions"}],"wp:featuredmedia":[{"embeddable":true,"href":"https:\/\/archive.sana.sy\/es\/index.php?rest_route=\/wp\/v2\/media\/282814"}],"wp:attachment":[{"href":"https:\/\/archive.sana.sy\/es\/index.php?rest_route=%2Fwp%2Fv2%2Fmedia&parent=282813"}],"wp:term":[{"taxonomy":"category","embeddable":true,"href":"https:\/\/archive.sana.sy\/es\/index.php?rest_route=%2Fwp%2Fv2%2Fcategories&post=282813"},{"taxonomy":"post_tag","embeddable":true,"href":"https:\/\/archive.sana.sy\/es\/index.php?rest_route=%2Fwp%2Fv2%2Ftags&post=282813"}],"curies":[{"name":"wp","href":"https:\/\/api.w.org\/{rel}","templated":true}]}}