{"id":28283,"date":"2015-08-13T17:07:02","date_gmt":"2015-08-13T14:07:02","guid":{"rendered":"http:\/\/sana.sy\/es\/?p=28283"},"modified":"2015-08-13T17:07:30","modified_gmt":"2015-08-13T14:07:30","slug":"abdullahian-la-solucion-de-siria-es-politica","status":"publish","type":"post","link":"https:\/\/archive.sana.sy\/es\/?p=28283","title":{"rendered":"Abdullahian: la soluci\u00f3n de la crisis en Siria es pol\u00edtica"},"content":{"rendered":"<p><span style=\"color: #800000\">Teher\u00e1n, SANA<\/span><\/p>\n<p>El vicecanciller iran\u00ed Hussein Amir Abdullahian afirm\u00f3 que los intentos de varios pa\u00edses de encontrar una \u00a8zona de exclusi\u00f3n\u00a8 en el territorio sirio se considera como una violaci\u00f3n de la soberan\u00eda de Siria y de su integridad territorial.<\/p>\n<p>Abdullahian declar\u00f3 este jueves a la agencia iran\u00ed \u201cIrna\u201d que la seguridad de Siria y los pa\u00edses vecinos a la misma ser\u00e1n garantizados cuando los factores de poder exteriores dejen de usar el terrorismo como una herramienta y cuando aparezca una seria voluntad para luchar contra el terrorismo.<\/p>\n<p>Asimismo reiter\u00f3 que la soluci\u00f3n de la crisis siria es pura pol\u00edtica.<\/p>\n<p>Hala B., Lynn A.<\/p>\n","protected":false},"excerpt":{"rendered":"<p>Teher\u00e1n, SANA El vicecanciller iran\u00ed Hussein Amir Abdullahian afirm\u00f3 que los intentos de varios pa\u00edses de encontrar una \u00a8zona de exclusi\u00f3n\u00a8 en el territorio sirio se considera como una violaci\u00f3n de la soberan\u00eda de Siria y de su integridad territorial. Abdullahian declar\u00f3 este jueves a la agencia iran\u00ed \u201cIrna\u201d que la seguridad de Siria y &hellip;<\/p>\n","protected":false},"author":24,"featured_media":12978,"comment_status":"closed","ping_status":"closed","sticky":false,"template":"","format":"standard","meta":{"footnotes":""},"categories":[597,456,457,576],"tags":[6300],"class_list":["post-28283","post","type-post","status-publish","format-standard","has-post-thumbnail","","category-cinta-de-noticias","category-arabe-internacional-politica","category-noticias-arabe-internacional-politica","category-noticias-politicas","tag-abdullahian-la-solucion-de-siria-es-politica"],"_links":{"self":[{"href":"https:\/\/archive.sana.sy\/es\/index.php?rest_route=\/wp\/v2\/posts\/28283"}],"collection":[{"href":"https:\/\/archive.sana.sy\/es\/index.php?rest_route=\/wp\/v2\/posts"}],"about":[{"href":"https:\/\/archive.sana.sy\/es\/index.php?rest_route=\/wp\/v2\/types\/post"}],"author":[{"embeddable":true,"href":"https:\/\/archive.sana.sy\/es\/index.php?rest_route=\/wp\/v2\/users\/24"}],"replies":[{"embeddable":true,"href":"https:\/\/archive.sana.sy\/es\/index.php?rest_route=%2Fwp%2Fv2%2Fcomments&post=28283"}],"version-history":[{"count":0,"href":"https:\/\/archive.sana.sy\/es\/index.php?rest_route=\/wp\/v2\/posts\/28283\/revisions"}],"wp:featuredmedia":[{"embeddable":true,"href":"https:\/\/archive.sana.sy\/es\/index.php?rest_route=\/wp\/v2\/media\/12978"}],"wp:attachment":[{"href":"https:\/\/archive.sana.sy\/es\/index.php?rest_route=%2Fwp%2Fv2%2Fmedia&parent=28283"}],"wp:term":[{"taxonomy":"category","embeddable":true,"href":"https:\/\/archive.sana.sy\/es\/index.php?rest_route=%2Fwp%2Fv2%2Fcategories&post=28283"},{"taxonomy":"post_tag","embeddable":true,"href":"https:\/\/archive.sana.sy\/es\/index.php?rest_route=%2Fwp%2Fv2%2Ftags&post=28283"}],"curies":[{"name":"wp","href":"https:\/\/api.w.org\/{rel}","templated":true}]}}