{"id":282860,"date":"2023-01-14T14:40:27","date_gmt":"2023-01-14T12:40:27","guid":{"rendered":"http:\/\/107.6.182.27\/es\/?p=282860"},"modified":"2023-01-14T19:31:16","modified_gmt":"2023-01-14T17:31:16","slug":"politico-egipcio-aquellos-que-guardan-silencio-ante-el-sufrimiento-del-pueblo-sirio-son-socios-en-el-crimen-contra-siria","status":"publish","type":"post","link":"https:\/\/archive.sana.sy\/es\/?p=282860","title":{"rendered":"Pol\u00edtico egipcio: Aquellos que guardan silencio ante el sufrimiento del pueblo sirio son socios en el crimen contra Siria"},"content":{"rendered":"<p style=\"text-align: justify;\"><span style=\"color: #800000;\"><strong>Beirut, 14 ene (SANA)\u00a0 \u00a0<\/strong><\/span>El senador egipcio y presidente de la Junta Directiva del diario \u201cElaosbo\u201d, Mahmoud Bakri, reiter\u00f3 su postura de apoyo con el pueblo sirio ante el injusto asedio y las coercitivas medidas econ\u00f3micas que se le imponen.<\/p>\n<p style=\"text-align: justify;\">Esta postura fue expresada por el pol\u00edtico en el contexto de la Campa\u00f1a Popular \u00c1rabe e Internacional para Levantar el Asedio a Siria.<\/p>\n<p style=\"text-align: justify;\">\u201cDurante m\u00e1s de 12 a\u00f1os, el pueblo hermano de Siria ha estado resistiendo una guerra global y conspiraciones internacionales contra su patria en los campos militar, econ\u00f3mico y pol\u00edtico, con el objetivo de saquear su riqueza petrolera, destruir la infraestructura y sabotear sus escuelas y universidades\u201d, dijo Bakri.<\/p>\n<p style=\"text-align: justify;\">Bakri advirti\u00f3 que las repercusiones de estos peligrosos complots afectan no s\u00f3lo a Siria sino a toda la naci\u00f3n \u00e1rabe.<\/p>\n<p style=\"text-align: justify;\">\u201cAquellos que guardan silencio ante el sufrimiento del pueblo sirio son socios en el crimen contra Siria y la naci\u00f3n \u00e1rabe\u201d, enfatiz\u00f3.<\/p>\n<p style=\"text-align: justify;\">Pidi\u00f3 la formulaci\u00f3n de una posici\u00f3n \u00e1rabe unificada para recuperar los recursos y la riqueza de Siria que est\u00e1n siendo saqueados por la ocupaci\u00f3n estadounidense y sus agentes en la regi\u00f3n.<\/p>\n<p style=\"text-align: justify;\">rr\/fm<\/p>\n","protected":false},"excerpt":{"rendered":"<p>Beirut, 14 ene (SANA)\u00a0 \u00a0El senador egipcio y presidente de la Junta Directiva del diario \u201cElaosbo\u201d, Mahmoud Bakri, reiter\u00f3 su postura de apoyo con el pueblo sirio ante el injusto asedio y las coercitivas medidas econ\u00f3micas que se le imponen. Esta postura fue expresada por el pol\u00edtico en el contexto de la Campa\u00f1a Popular \u00c1rabe &hellip;<\/p>\n","protected":false},"author":31,"featured_media":282861,"comment_status":"closed","ping_status":"closed","sticky":false,"template":"","format":"standard","meta":{"footnotes":""},"categories":[597,467,7541],"tags":[],"class_list":["post-282860","post","type-post","status-publish","format-standard","has-post-thumbnail","","category-cinta-de-noticias","category-siria-y-el-mundo","category-ultimas-noticias"],"_links":{"self":[{"href":"https:\/\/archive.sana.sy\/es\/index.php?rest_route=\/wp\/v2\/posts\/282860"}],"collection":[{"href":"https:\/\/archive.sana.sy\/es\/index.php?rest_route=\/wp\/v2\/posts"}],"about":[{"href":"https:\/\/archive.sana.sy\/es\/index.php?rest_route=\/wp\/v2\/types\/post"}],"author":[{"embeddable":true,"href":"https:\/\/archive.sana.sy\/es\/index.php?rest_route=\/wp\/v2\/users\/31"}],"replies":[{"embeddable":true,"href":"https:\/\/archive.sana.sy\/es\/index.php?rest_route=%2Fwp%2Fv2%2Fcomments&post=282860"}],"version-history":[{"count":0,"href":"https:\/\/archive.sana.sy\/es\/index.php?rest_route=\/wp\/v2\/posts\/282860\/revisions"}],"wp:featuredmedia":[{"embeddable":true,"href":"https:\/\/archive.sana.sy\/es\/index.php?rest_route=\/wp\/v2\/media\/282861"}],"wp:attachment":[{"href":"https:\/\/archive.sana.sy\/es\/index.php?rest_route=%2Fwp%2Fv2%2Fmedia&parent=282860"}],"wp:term":[{"taxonomy":"category","embeddable":true,"href":"https:\/\/archive.sana.sy\/es\/index.php?rest_route=%2Fwp%2Fv2%2Fcategories&post=282860"},{"taxonomy":"post_tag","embeddable":true,"href":"https:\/\/archive.sana.sy\/es\/index.php?rest_route=%2Fwp%2Fv2%2Ftags&post=282860"}],"curies":[{"name":"wp","href":"https:\/\/api.w.org\/{rel}","templated":true}]}}