{"id":282866,"date":"2023-01-14T20:58:04","date_gmt":"2023-01-14T18:58:04","guid":{"rendered":"http:\/\/107.6.182.27\/es\/?p=282866"},"modified":"2023-01-14T20:58:04","modified_gmt":"2023-01-14T18:58:04","slug":"detienen-en-brasilia-a-exministro-de-bolsonaro","status":"publish","type":"post","link":"https:\/\/archive.sana.sy\/es\/?p=282866","title":{"rendered":"Detienen en Brasilia a exministro de Bolsonaro"},"content":{"rendered":"<p style=\"text-align: justify;\"><span style=\"color: #800000;\"><strong>Brasilia, 14 ene (SANA)\u00a0<\/strong> <\/span>\u00a0 El exministro de Justicia del Gobierno de Jair Bolsonaro y exsecretario de Seguridad del Distrito Federal (DF) Anderson Torres, qued\u00f3 arrestado por facilitar la invasi\u00f3n y actos vand\u00e1licos en sedes de tres poderes en Brasil.<\/p>\n<p>Torres \u00abfue detenido al desembarcar en el aeropuerto internacional de Brasilia y llevado a un centro de detenci\u00f3n donde permanecer\u00e1 a disposici\u00f3n de la justicia\u00bb, indica un comunicado de la Polic\u00eda Federal (PF) citado por Prensa Latina.<\/p>\n<p style=\"text-align: justify;\">A solicitud de La Fiscal\u00eda General y de la PF, el magistrado Alexandre de Moraes, del Supremo Tribunal Federal (STF), determin\u00f3 el martes la prisi\u00f3n de Torres, quien permanec\u00eda en Estados Unidos.<\/p>\n<p style=\"text-align: justify;\">Por la incursi\u00f3n y depredaci\u00f3n cometida el 8 de enero por adeptos radicales de Bolsonaro en el Congreso Nacional, el Supremo Tribunal Federal y el Palacio del Planalto, sede del Poder Ejecutivo, el apartado gobernador del DF, Ibaneis Rocha, hab\u00eda destituido a Torres.<\/p>\n<p style=\"text-align: justify;\">De Moraes orden\u00f3 la v\u00edspera investigar las conductas de Rocha y comandantes de Seguridad del DF durante las acciones golpistas.<\/p>\n<p style=\"text-align: justify;\">fm\/rr<\/p>\n","protected":false},"excerpt":{"rendered":"<p>Brasilia, 14 ene (SANA)\u00a0 \u00a0 El exministro de Justicia del Gobierno de Jair Bolsonaro y exsecretario de Seguridad del Distrito Federal (DF) Anderson Torres, qued\u00f3 arrestado por facilitar la invasi\u00f3n y actos vand\u00e1licos en sedes de tres poderes en Brasil. Torres \u00abfue detenido al desembarcar en el aeropuerto internacional de Brasilia y llevado a un &hellip;<\/p>\n","protected":false},"author":31,"featured_media":282867,"comment_status":"closed","ping_status":"closed","sticky":false,"template":"","format":"standard","meta":{"footnotes":""},"categories":[456,16687],"tags":[21742],"class_list":["post-282866","post","type-post","status-publish","format-standard","has-post-thumbnail","","category-arabe-internacional-politica","category-internacionales","tag-brasilia"],"_links":{"self":[{"href":"https:\/\/archive.sana.sy\/es\/index.php?rest_route=\/wp\/v2\/posts\/282866"}],"collection":[{"href":"https:\/\/archive.sana.sy\/es\/index.php?rest_route=\/wp\/v2\/posts"}],"about":[{"href":"https:\/\/archive.sana.sy\/es\/index.php?rest_route=\/wp\/v2\/types\/post"}],"author":[{"embeddable":true,"href":"https:\/\/archive.sana.sy\/es\/index.php?rest_route=\/wp\/v2\/users\/31"}],"replies":[{"embeddable":true,"href":"https:\/\/archive.sana.sy\/es\/index.php?rest_route=%2Fwp%2Fv2%2Fcomments&post=282866"}],"version-history":[{"count":0,"href":"https:\/\/archive.sana.sy\/es\/index.php?rest_route=\/wp\/v2\/posts\/282866\/revisions"}],"wp:featuredmedia":[{"embeddable":true,"href":"https:\/\/archive.sana.sy\/es\/index.php?rest_route=\/wp\/v2\/media\/282867"}],"wp:attachment":[{"href":"https:\/\/archive.sana.sy\/es\/index.php?rest_route=%2Fwp%2Fv2%2Fmedia&parent=282866"}],"wp:term":[{"taxonomy":"category","embeddable":true,"href":"https:\/\/archive.sana.sy\/es\/index.php?rest_route=%2Fwp%2Fv2%2Fcategories&post=282866"},{"taxonomy":"post_tag","embeddable":true,"href":"https:\/\/archive.sana.sy\/es\/index.php?rest_route=%2Fwp%2Fv2%2Ftags&post=282866"}],"curies":[{"name":"wp","href":"https:\/\/api.w.org\/{rel}","templated":true}]}}