{"id":28288,"date":"2015-08-13T17:53:18","date_gmt":"2015-08-13T14:53:18","guid":{"rendered":"http:\/\/sana.sy\/es\/?p=28288"},"modified":"2015-08-13T17:53:18","modified_gmt":"2015-08-13T14:53:18","slug":"al-zoabi-desde-iran-ha-de-aunar-esfuerzos-para-luchar-contra-el-terrorismo","status":"publish","type":"post","link":"https:\/\/archive.sana.sy\/es\/?p=28288","title":{"rendered":"Al-Zoabi desde Ir\u00e1n: ha de aunar esfuerzos para luchar contra el terrorismo"},"content":{"rendered":"<p><span style=\"color: #800000\">Teher\u00e1n, SANA<\/span><\/p>\n<p>El ministro de informaci\u00f3n sirio, Omran al-Zoabi se\u00f1al\u00f3 este jueves que las relaciones entre Siria e Ir\u00e1n \u201cson firmes y fuertes\u201d y siguen desarroll\u00e1ndose gracias a los esfuerzos de los liderazgos de ambos pa\u00edses.<\/p>\n<p>Asimismo resalt\u00f3 la necesidad de aunar los esfuerzos para luchar contra el terrorismo y la ideolog\u00eda takfir\u00ed que representa una amenaza para la regi\u00f3n y el mundo entero.<\/p>\n<p>El titular de Informaci\u00f3n sirio concedi\u00f3 estas declaraciones tras su llegada a la Rep\u00fablica Isl\u00e1mica de Ir\u00e1n, encabezando una delegaci\u00f3n medi\u00e1tica para participar en la octava edici\u00f3n de la reuni\u00f3n de la Asamblea General de la Federaci\u00f3n de Radiotelevisiones Isl\u00e1micas.<\/p>\n<p>Al-Zoabi manifest\u00f3 la determinaci\u00f3n del Ministerio de Informaci\u00f3n siria de promover las relaciones medi\u00e1ticas entre ambos pa\u00edses hermanos, as\u00ed como trabajar asiduamente para activar los protocolos de cooperaci\u00f3n entre las instituciones medi\u00e1ticas sirias e iran\u00edes.<\/p>\n<p>A su vez, el viceministro de Cultura y Orientaci\u00f3n Isl\u00e1mica iran\u00ed, Hossein Noushabadi reiter\u00f3 el apoyo de su pa\u00eds a Siria frente a la guerra terrorista que est\u00e1 enfrentando, manifestando la plena disposici\u00f3n de su ministerio de cooperar con el Ministerio de Informaci\u00f3n sirio.<\/p>\n<p>\u201cEl liderazgo en Ir\u00e1n concede un sumo inter\u00e9s a lo que est\u00e1 ocurriendo en Siria, y apoyar\u00e1 siempre al pueblo sirio\u201d, afirm\u00f3 el alto funcionario iran\u00ed expresando su confianza en la victoria definitiva de Siria.<\/p>\n<p>&nbsp;<\/p>\n<p>Lynn A.<\/p>\n","protected":false},"excerpt":{"rendered":"<p>Teher\u00e1n, SANA El ministro de informaci\u00f3n sirio, Omran al-Zoabi se\u00f1al\u00f3 este jueves que las relaciones entre Siria e Ir\u00e1n \u201cson firmes y fuertes\u201d y siguen desarroll\u00e1ndose gracias a los esfuerzos de los liderazgos de ambos pa\u00edses. Asimismo resalt\u00f3 la necesidad de aunar los esfuerzos para luchar contra el terrorismo y la ideolog\u00eda takfir\u00ed que representa &hellip;<\/p>\n","protected":false},"author":24,"featured_media":27765,"comment_status":"closed","ping_status":"closed","sticky":false,"template":"","format":"standard","meta":{"footnotes":""},"categories":[456,457],"tags":[6301],"class_list":["post-28288","post","type-post","status-publish","format-standard","has-post-thumbnail","","category-arabe-internacional-politica","category-noticias-arabe-internacional-politica","tag-al-zoabi-desde-iran-ha-de-aunar-esfuerzos-para-luchar-contra-el-terrorismo"],"_links":{"self":[{"href":"https:\/\/archive.sana.sy\/es\/index.php?rest_route=\/wp\/v2\/posts\/28288"}],"collection":[{"href":"https:\/\/archive.sana.sy\/es\/index.php?rest_route=\/wp\/v2\/posts"}],"about":[{"href":"https:\/\/archive.sana.sy\/es\/index.php?rest_route=\/wp\/v2\/types\/post"}],"author":[{"embeddable":true,"href":"https:\/\/archive.sana.sy\/es\/index.php?rest_route=\/wp\/v2\/users\/24"}],"replies":[{"embeddable":true,"href":"https:\/\/archive.sana.sy\/es\/index.php?rest_route=%2Fwp%2Fv2%2Fcomments&post=28288"}],"version-history":[{"count":0,"href":"https:\/\/archive.sana.sy\/es\/index.php?rest_route=\/wp\/v2\/posts\/28288\/revisions"}],"wp:featuredmedia":[{"embeddable":true,"href":"https:\/\/archive.sana.sy\/es\/index.php?rest_route=\/wp\/v2\/media\/27765"}],"wp:attachment":[{"href":"https:\/\/archive.sana.sy\/es\/index.php?rest_route=%2Fwp%2Fv2%2Fmedia&parent=28288"}],"wp:term":[{"taxonomy":"category","embeddable":true,"href":"https:\/\/archive.sana.sy\/es\/index.php?rest_route=%2Fwp%2Fv2%2Fcategories&post=28288"},{"taxonomy":"post_tag","embeddable":true,"href":"https:\/\/archive.sana.sy\/es\/index.php?rest_route=%2Fwp%2Fv2%2Ftags&post=28288"}],"curies":[{"name":"wp","href":"https:\/\/api.w.org\/{rel}","templated":true}]}}