{"id":282978,"date":"2023-01-15T14:40:20","date_gmt":"2023-01-15T12:40:20","guid":{"rendered":"http:\/\/107.6.182.27\/es\/?p=282978"},"modified":"2023-01-15T16:42:31","modified_gmt":"2023-01-15T14:42:31","slug":"13-martires-palestinos-por-balas-del-ocupante-israeli-desde-inicio-de-ano","status":"publish","type":"post","link":"https:\/\/archive.sana.sy\/es\/?p=282978","title":{"rendered":"13 m\u00e1rtires palestinos por balas del ocupante israel\u00ed desde inicio de 2023"},"content":{"rendered":"<p style=\"text-align: justify;\"><span style=\"color: #800000;\"><strong>Jerusal\u00e9n ocupada, 15 ene (SANA)\u00a0 \u00a0<\/strong><\/span>Desde principios de este a\u00f1o hasta la fecha, 13 palestinos, incluidos tres ni\u00f1os, murieron en Cisjordania, siete de los cuales en la ciudad de Yen\u00edn, en una escalada sistem\u00e1tica de la ocupaci\u00f3n israel\u00ed, con el objetivo de doblegar la voluntad de la resistencia de los palestinos, desplazarlos y confiscar sus tierras.<\/p>\n<p style=\"text-align: justify;\">Los cr\u00edmenes del ocupante israel\u00ed se llevan a cabo en medio de un silencio por parte de la comunidad internacional y su incapacidad de proteger a los palestinos, como resultado del apoyo de la administraci\u00f3n estadounidense a esta ocupaci\u00f3n.<\/p>\n<p style=\"text-align: justify;\">El miembro del Comit\u00e9 Ejecutivo de la Organizaci\u00f3n para la Liberaci\u00f3n de Palestina, Wasel Abu Youssef, comunic\u00f3 a la reportera de SANA que las matanzas, el desplazamiento y la intensificaci\u00f3n de los asentamientos tiene como fin principalmente completar el proceso de anexi\u00f3n del 60 por ciento de Cisjordania.<\/p>\n<p style=\"text-align: justify;\">fm\/rr<\/p>\n","protected":false},"excerpt":{"rendered":"<p>Jerusal\u00e9n ocupada, 15 ene (SANA)\u00a0 \u00a0Desde principios de este a\u00f1o hasta la fecha, 13 palestinos, incluidos tres ni\u00f1os, murieron en Cisjordania, siete de los cuales en la ciudad de Yen\u00edn, en una escalada sistem\u00e1tica de la ocupaci\u00f3n israel\u00ed, con el objetivo de doblegar la voluntad de la resistencia de los palestinos, desplazarlos y confiscar sus &hellip;<\/p>\n","protected":false},"author":31,"featured_media":282979,"comment_status":"closed","ping_status":"closed","sticky":false,"template":"","format":"standard","meta":{"footnotes":""},"categories":[597,456,16687,583],"tags":[],"class_list":["post-282978","post","type-post","status-publish","format-standard","has-post-thumbnail","","category-cinta-de-noticias","category-arabe-internacional-politica","category-internacionales","category-slide"],"_links":{"self":[{"href":"https:\/\/archive.sana.sy\/es\/index.php?rest_route=\/wp\/v2\/posts\/282978"}],"collection":[{"href":"https:\/\/archive.sana.sy\/es\/index.php?rest_route=\/wp\/v2\/posts"}],"about":[{"href":"https:\/\/archive.sana.sy\/es\/index.php?rest_route=\/wp\/v2\/types\/post"}],"author":[{"embeddable":true,"href":"https:\/\/archive.sana.sy\/es\/index.php?rest_route=\/wp\/v2\/users\/31"}],"replies":[{"embeddable":true,"href":"https:\/\/archive.sana.sy\/es\/index.php?rest_route=%2Fwp%2Fv2%2Fcomments&post=282978"}],"version-history":[{"count":0,"href":"https:\/\/archive.sana.sy\/es\/index.php?rest_route=\/wp\/v2\/posts\/282978\/revisions"}],"wp:featuredmedia":[{"embeddable":true,"href":"https:\/\/archive.sana.sy\/es\/index.php?rest_route=\/wp\/v2\/media\/282979"}],"wp:attachment":[{"href":"https:\/\/archive.sana.sy\/es\/index.php?rest_route=%2Fwp%2Fv2%2Fmedia&parent=282978"}],"wp:term":[{"taxonomy":"category","embeddable":true,"href":"https:\/\/archive.sana.sy\/es\/index.php?rest_route=%2Fwp%2Fv2%2Fcategories&post=282978"},{"taxonomy":"post_tag","embeddable":true,"href":"https:\/\/archive.sana.sy\/es\/index.php?rest_route=%2Fwp%2Fv2%2Ftags&post=282978"}],"curies":[{"name":"wp","href":"https:\/\/api.w.org\/{rel}","templated":true}]}}