{"id":283010,"date":"2023-01-16T09:57:36","date_gmt":"2023-01-16T07:57:36","guid":{"rendered":"http:\/\/107.6.182.27\/es\/?p=283010"},"modified":"2023-01-16T09:57:36","modified_gmt":"2023-01-16T07:57:36","slug":"un-palestino-resulta-herido-por-balas-israelies-al-sur-del-belen","status":"publish","type":"post","link":"https:\/\/archive.sana.sy\/es\/?p=283010","title":{"rendered":"Un palestino resulta herido por balas israel\u00edes al sur del Bel\u00e9n"},"content":{"rendered":"<blockquote>\n<p style=\"text-align: justify;\"><span style=\"color: #000000;\"><em><strong>Seg\u00fan inform\u00f3 la agencia palestina de noticias Wafa, los militares israel\u00edes irrumpieron en el campamento y atacaron a los palestinos y abrieron el fuego de sus armas en su contra, lo que provoc\u00f3 lesiones a gravemes en la cabeza a uno de ellos, mientras el otro fue arrestado.<\/strong><\/em><\/span><\/p>\n<\/blockquote>\n<p style=\"text-align: justify;\"><span style=\"color: #800000;\"><strong>Jerusal\u00e9n ocupada, 16 ene (SANA)\u00a0 <\/strong><\/span>Un palestino result\u00f3 gravemente herido y otro fue detenido durante una incursi\u00f3n de las fuerzas de ocupaci\u00f3n israel\u00edes en el campamento de refugiados de Dheisheh, al sur de Bel\u00e9n, en Cisjordania.<\/p>\n<p style=\"text-align: justify;\">Seg\u00fan inform\u00f3 la agencia palestina de noticias Wafa, los militares israel\u00edes irrumpieron en el campamento y atacaron a los palestinos y abrieron el fuego de sus armas en su contra, lo que provoc\u00f3 lesiones a gravemes en la cabeza a uno de ellos, mientras el otro fue arrestado.<\/p>\n<p style=\"text-align: justify;\">En la v\u00edspera, unos palestinos resultaron heridos como resultado del ataque de las fuerzas de ocupaci\u00f3n israel\u00edes al campamento de Arroub en Hebr\u00f3n, en Cisjordania.<\/p>\n<p style=\"text-align: justify;\">as\/fm<\/p>\n","protected":false},"excerpt":{"rendered":"<p>Seg\u00fan inform\u00f3 la agencia palestina de noticias Wafa, los militares israel\u00edes irrumpieron en el campamento y atacaron a los palestinos y abrieron el fuego de sus armas en su contra, lo que provoc\u00f3 lesiones a gravemes en la cabeza a uno de ellos, mientras el otro fue arrestado. Jerusal\u00e9n ocupada, 16 ene (SANA)\u00a0 Un palestino &hellip;<\/p>\n","protected":false},"author":42,"featured_media":283015,"comment_status":"closed","ping_status":"closed","sticky":false,"template":"","format":"standard","meta":{"footnotes":""},"categories":[597,456,16687,20724,7541],"tags":[],"class_list":["post-283010","post","type-post","status-publish","format-standard","has-post-thumbnail","","category-cinta-de-noticias","category-arabe-internacional-politica","category-internacionales","category-minuto-a-minuto","category-ultimas-noticias"],"_links":{"self":[{"href":"https:\/\/archive.sana.sy\/es\/index.php?rest_route=\/wp\/v2\/posts\/283010"}],"collection":[{"href":"https:\/\/archive.sana.sy\/es\/index.php?rest_route=\/wp\/v2\/posts"}],"about":[{"href":"https:\/\/archive.sana.sy\/es\/index.php?rest_route=\/wp\/v2\/types\/post"}],"author":[{"embeddable":true,"href":"https:\/\/archive.sana.sy\/es\/index.php?rest_route=\/wp\/v2\/users\/42"}],"replies":[{"embeddable":true,"href":"https:\/\/archive.sana.sy\/es\/index.php?rest_route=%2Fwp%2Fv2%2Fcomments&post=283010"}],"version-history":[{"count":0,"href":"https:\/\/archive.sana.sy\/es\/index.php?rest_route=\/wp\/v2\/posts\/283010\/revisions"}],"wp:featuredmedia":[{"embeddable":true,"href":"https:\/\/archive.sana.sy\/es\/index.php?rest_route=\/wp\/v2\/media\/283015"}],"wp:attachment":[{"href":"https:\/\/archive.sana.sy\/es\/index.php?rest_route=%2Fwp%2Fv2%2Fmedia&parent=283010"}],"wp:term":[{"taxonomy":"category","embeddable":true,"href":"https:\/\/archive.sana.sy\/es\/index.php?rest_route=%2Fwp%2Fv2%2Fcategories&post=283010"},{"taxonomy":"post_tag","embeddable":true,"href":"https:\/\/archive.sana.sy\/es\/index.php?rest_route=%2Fwp%2Fv2%2Ftags&post=283010"}],"curies":[{"name":"wp","href":"https:\/\/api.w.org\/{rel}","templated":true}]}}