{"id":283011,"date":"2023-01-16T09:50:33","date_gmt":"2023-01-16T07:50:33","guid":{"rendered":"http:\/\/107.6.182.27\/es\/?p=283011"},"modified":"2023-01-16T09:50:33","modified_gmt":"2023-01-16T07:50:33","slug":"los-recientes-desarrollos-de-la-operacion-militar-especial-rusa-en-ucrania-7","status":"publish","type":"post","link":"https:\/\/archive.sana.sy\/es\/?p=283011","title":{"rendered":"Los recientes desarrollos de la operaci\u00f3n militar especial rusa en Ucrania"},"content":{"rendered":"<p style=\"text-align: justify;\"><span style=\"color: #800000;\"><strong>Mosc\u00fa, 16 ene (SANA)<\/strong><\/span><\/p>\n<p style=\"text-align: justify;\">????????Las fuerzas de Kiev reconocen su derrota en Soledar.<\/p>\n<p style=\"text-align: justify;\">????????Un dron ucraniano fue derribado cerca de Sebastopol, Crimea.<\/p>\n<p style=\"text-align: justify;\">????????Mosc\u00fa: algunos pa\u00edses atacan nuestras instituciones en el extranjero en una flagrante violaci\u00f3n del derecho internacional.<\/p>\n<p style=\"text-align: justify;\">????????Reservas militares de EE.UU. llegan a punto cr\u00edtico por suministros a Ucrania.<\/p>\n<p style=\"text-align: justify;\">????????La OTAN y Washington est\u00e1n librando una guerra proxy contra Rusia en Ucrania, afirma presidente croata.<\/p>\n<p style=\"text-align: justify;\">????????Slutsky: Occidente no busca resolver la crisis en Ucrania.<\/p>\n<p style=\"text-align: justify;\">ed\/fm<\/p>\n","protected":false},"excerpt":{"rendered":"<p>Mosc\u00fa, 16 ene (SANA) ????????Las fuerzas de Kiev reconocen su derrota en Soledar. ????????Un dron ucraniano fue derribado cerca de Sebastopol, Crimea. ????????Mosc\u00fa: algunos pa\u00edses atacan nuestras instituciones en el extranjero en una flagrante violaci\u00f3n del derecho internacional. ????????Reservas militares de EE.UU. llegan a punto cr\u00edtico por suministros a Ucrania. ????????La OTAN y Washington est\u00e1n &hellip;<\/p>\n","protected":false},"author":32,"featured_media":283012,"comment_status":"closed","ping_status":"closed","sticky":false,"template":"","format":"standard","meta":{"footnotes":""},"categories":[597,456,16687,7541],"tags":[],"class_list":["post-283011","post","type-post","status-publish","format-standard","has-post-thumbnail","","category-cinta-de-noticias","category-arabe-internacional-politica","category-internacionales","category-ultimas-noticias"],"_links":{"self":[{"href":"https:\/\/archive.sana.sy\/es\/index.php?rest_route=\/wp\/v2\/posts\/283011"}],"collection":[{"href":"https:\/\/archive.sana.sy\/es\/index.php?rest_route=\/wp\/v2\/posts"}],"about":[{"href":"https:\/\/archive.sana.sy\/es\/index.php?rest_route=\/wp\/v2\/types\/post"}],"author":[{"embeddable":true,"href":"https:\/\/archive.sana.sy\/es\/index.php?rest_route=\/wp\/v2\/users\/32"}],"replies":[{"embeddable":true,"href":"https:\/\/archive.sana.sy\/es\/index.php?rest_route=%2Fwp%2Fv2%2Fcomments&post=283011"}],"version-history":[{"count":0,"href":"https:\/\/archive.sana.sy\/es\/index.php?rest_route=\/wp\/v2\/posts\/283011\/revisions"}],"wp:featuredmedia":[{"embeddable":true,"href":"https:\/\/archive.sana.sy\/es\/index.php?rest_route=\/wp\/v2\/media\/283012"}],"wp:attachment":[{"href":"https:\/\/archive.sana.sy\/es\/index.php?rest_route=%2Fwp%2Fv2%2Fmedia&parent=283011"}],"wp:term":[{"taxonomy":"category","embeddable":true,"href":"https:\/\/archive.sana.sy\/es\/index.php?rest_route=%2Fwp%2Fv2%2Fcategories&post=283011"},{"taxonomy":"post_tag","embeddable":true,"href":"https:\/\/archive.sana.sy\/es\/index.php?rest_route=%2Fwp%2Fv2%2Ftags&post=283011"}],"curies":[{"name":"wp","href":"https:\/\/api.w.org\/{rel}","templated":true}]}}