{"id":283020,"date":"2023-01-16T10:30:53","date_gmt":"2023-01-16T08:30:53","guid":{"rendered":"http:\/\/107.6.182.27\/es\/?p=283020"},"modified":"2023-01-16T10:31:39","modified_gmt":"2023-01-16T08:31:39","slug":"defensa-antiaerea-rusa-derriba-dron-en-crimea","status":"publish","type":"post","link":"https:\/\/archive.sana.sy\/es\/?p=283020","title":{"rendered":"Defensa antia\u00e9rea rusa derriba dron en Crimea"},"content":{"rendered":"<p style=\"text-align: justify;\"><span style=\"color: #800000;\"><strong>Mosc\u00fa, 16 ene (SANA)<\/strong><\/span>\u00a0 Los sistemas de defensa anti\u00e1erea de Rusia derribaron un dron sobre el mar cerca de la ciudad de Sebastopol en la Rep\u00fablica de Crimea, inform\u00f3 hoy el gobernador de la rep\u00fablica, Mijail Razvozh\u00e1yev.<\/p>\n<p style=\"text-align: justify;\">Seg\u00fan la agencia Novosti, Razvozh\u00e1yev dijo que &#8220;nuestra Fuerza A\u00e9rea intercept\u00f3 el avi\u00f3n no tripulado sobre la pen\u00ednsula y que todos los servicios funcionan con normalidad&#8221;.<\/p>\n<p style=\"text-align: justify;\">En los \u00faltimos meses, el r\u00e9gimen de Kiev realiz\u00f3 varios intentos de atacar el puerto de Crimea con drones donde se encuentra la base principal de la Flota rusa del Mar Negro.<\/p>\n<p style=\"text-align: justify;\"><em><strong>ws\/fm<\/strong><\/em><\/p>\n","protected":false},"excerpt":{"rendered":"<p>Mosc\u00fa, 16 ene (SANA)\u00a0 Los sistemas de defensa anti\u00e1erea de Rusia derribaron un dron sobre el mar cerca de la ciudad de Sebastopol en la Rep\u00fablica de Crimea, inform\u00f3 hoy el gobernador de la rep\u00fablica, Mijail Razvozh\u00e1yev. Seg\u00fan la agencia Novosti, Razvozh\u00e1yev dijo que &#8220;nuestra Fuerza A\u00e9rea intercept\u00f3 el avi\u00f3n no tripulado sobre la pen\u00ednsula &hellip;<\/p>\n","protected":false},"author":35,"featured_media":283023,"comment_status":"closed","ping_status":"closed","sticky":false,"template":"","format":"standard","meta":{"footnotes":""},"categories":[597,456,16687,20724,7541],"tags":[],"class_list":["post-283020","post","type-post","status-publish","format-standard","has-post-thumbnail","","category-cinta-de-noticias","category-arabe-internacional-politica","category-internacionales","category-minuto-a-minuto","category-ultimas-noticias"],"_links":{"self":[{"href":"https:\/\/archive.sana.sy\/es\/index.php?rest_route=\/wp\/v2\/posts\/283020"}],"collection":[{"href":"https:\/\/archive.sana.sy\/es\/index.php?rest_route=\/wp\/v2\/posts"}],"about":[{"href":"https:\/\/archive.sana.sy\/es\/index.php?rest_route=\/wp\/v2\/types\/post"}],"author":[{"embeddable":true,"href":"https:\/\/archive.sana.sy\/es\/index.php?rest_route=\/wp\/v2\/users\/35"}],"replies":[{"embeddable":true,"href":"https:\/\/archive.sana.sy\/es\/index.php?rest_route=%2Fwp%2Fv2%2Fcomments&post=283020"}],"version-history":[{"count":0,"href":"https:\/\/archive.sana.sy\/es\/index.php?rest_route=\/wp\/v2\/posts\/283020\/revisions"}],"wp:featuredmedia":[{"embeddable":true,"href":"https:\/\/archive.sana.sy\/es\/index.php?rest_route=\/wp\/v2\/media\/283023"}],"wp:attachment":[{"href":"https:\/\/archive.sana.sy\/es\/index.php?rest_route=%2Fwp%2Fv2%2Fmedia&parent=283020"}],"wp:term":[{"taxonomy":"category","embeddable":true,"href":"https:\/\/archive.sana.sy\/es\/index.php?rest_route=%2Fwp%2Fv2%2Fcategories&post=283020"},{"taxonomy":"post_tag","embeddable":true,"href":"https:\/\/archive.sana.sy\/es\/index.php?rest_route=%2Fwp%2Fv2%2Ftags&post=283020"}],"curies":[{"name":"wp","href":"https:\/\/api.w.org\/{rel}","templated":true}]}}