{"id":283039,"date":"2023-01-16T13:14:10","date_gmt":"2023-01-16T11:14:10","guid":{"rendered":"http:\/\/107.6.182.27\/es\/?p=283039"},"modified":"2023-01-16T13:17:07","modified_gmt":"2023-01-16T11:17:07","slug":"manifestacion-en-berlin-contra-politicas-occidentales-antirrusas","status":"publish","type":"post","link":"https:\/\/archive.sana.sy\/es\/?p=283039","title":{"rendered":"Manifestaci\u00f3n en Berl\u00edn contra pol\u00edticas occidentales antirrusas"},"content":{"rendered":"<p style=\"text-align: justify;\"><strong><span style=\"color: #800000;\">Berlin, 16 ene (SANA)\u00a0<\/span><\/strong> Miles de alemanes inundaron las calles de la capital Berl\u00edn para protestar contra las pol\u00edticas occidentales antirrusas.<\/p>\n<p style=\"text-align: justify;\">Seg\u00fan inform\u00f3 el diario alem\u00e1n Die Welt, las manifestaciones fueron organizadas con motivo del aniversario dedicado a los l\u00edderes del movimiento socialista en Alemania Rosa Luxemburg y Karl Liebknecht.<\/p>\n<p style=\"text-align: justify;\">Los manifestantes corearon consignas antioccidentales y denunciaron las medidas hostiles adoptadas contra el Estado ruso, adem\u00e1s portaron banderas de la Rep\u00fablica Popular de Donetsk, que fue aprobada por el Kremlin tras la adhesi\u00f3n de la rep\u00fablica a Rusia.<\/p>\n<p style=\"text-align: justify;\"><strong>ws\/fm<\/strong><\/p>\n","protected":false},"excerpt":{"rendered":"<p>Berlin, 16 ene (SANA)\u00a0 Miles de alemanes inundaron las calles de la capital Berl\u00edn para protestar contra las pol\u00edticas occidentales antirrusas. Seg\u00fan inform\u00f3 el diario alem\u00e1n Die Welt, las manifestaciones fueron organizadas con motivo del aniversario dedicado a los l\u00edderes del movimiento socialista en Alemania Rosa Luxemburg y Karl Liebknecht. Los manifestantes corearon consignas antioccidentales &hellip;<\/p>\n","protected":false},"author":35,"featured_media":283043,"comment_status":"closed","ping_status":"closed","sticky":false,"template":"","format":"standard","meta":{"footnotes":""},"categories":[597,456,16687,7541],"tags":[],"class_list":["post-283039","post","type-post","status-publish","format-standard","has-post-thumbnail","","category-cinta-de-noticias","category-arabe-internacional-politica","category-internacionales","category-ultimas-noticias"],"_links":{"self":[{"href":"https:\/\/archive.sana.sy\/es\/index.php?rest_route=\/wp\/v2\/posts\/283039"}],"collection":[{"href":"https:\/\/archive.sana.sy\/es\/index.php?rest_route=\/wp\/v2\/posts"}],"about":[{"href":"https:\/\/archive.sana.sy\/es\/index.php?rest_route=\/wp\/v2\/types\/post"}],"author":[{"embeddable":true,"href":"https:\/\/archive.sana.sy\/es\/index.php?rest_route=\/wp\/v2\/users\/35"}],"replies":[{"embeddable":true,"href":"https:\/\/archive.sana.sy\/es\/index.php?rest_route=%2Fwp%2Fv2%2Fcomments&post=283039"}],"version-history":[{"count":0,"href":"https:\/\/archive.sana.sy\/es\/index.php?rest_route=\/wp\/v2\/posts\/283039\/revisions"}],"wp:featuredmedia":[{"embeddable":true,"href":"https:\/\/archive.sana.sy\/es\/index.php?rest_route=\/wp\/v2\/media\/283043"}],"wp:attachment":[{"href":"https:\/\/archive.sana.sy\/es\/index.php?rest_route=%2Fwp%2Fv2%2Fmedia&parent=283039"}],"wp:term":[{"taxonomy":"category","embeddable":true,"href":"https:\/\/archive.sana.sy\/es\/index.php?rest_route=%2Fwp%2Fv2%2Fcategories&post=283039"},{"taxonomy":"post_tag","embeddable":true,"href":"https:\/\/archive.sana.sy\/es\/index.php?rest_route=%2Fwp%2Fv2%2Ftags&post=283039"}],"curies":[{"name":"wp","href":"https:\/\/api.w.org\/{rel}","templated":true}]}}