{"id":283046,"date":"2023-01-16T13:37:59","date_gmt":"2023-01-16T11:37:59","guid":{"rendered":"http:\/\/107.6.182.27\/es\/?p=283046"},"modified":"2023-01-16T13:37:59","modified_gmt":"2023-01-16T11:37:59","slug":"embajadores-de-siria-y-kirguistan-en-rusia-debaten-cooperacion-bilateral","status":"publish","type":"post","link":"https:\/\/archive.sana.sy\/es\/?p=283046","title":{"rendered":"Embajadores de Siria y Kirguist\u00e1n en Rusia debaten cooperaci\u00f3n bilateral"},"content":{"rendered":"<p style=\"text-align: justify;\"><span style=\"color: #800000;\"><strong>Mosc\u00fa, 16 ene (SANA)<\/strong><\/span>\u00a0 \u00a0 El embajador sirio en Rusia, Bashar Al-Jaafari, examin\u00f3 con la embajadora de la Rep\u00fablica de Kirguist\u00e1n en Mosc\u00fa, Gulnara Clara Samat, las v\u00edas para fortalecer las relaciones bilaterales e hist\u00f3ricas entre los dos pa\u00edses amigos.<\/p>\n<p style=\"text-align: justify;\">Durante la reuni\u00f3n, al-Jaafari ofreci\u00f3 una explicaci\u00f3n pol\u00edtica y econ\u00f3mica sobre la guerra terrorista que enfrenta Siria y el impacto negativo de las medidas coercitivas occidentales unilaterales al pueblo sirio.<\/p>\n<p style=\"text-align: justify;\">Subray\u00f3 las posiciones de Kirguist\u00e1n en apoyo de Siria en las organizaciones internacionales.<\/p>\n<p style=\"text-align: justify;\">El embajador Al-Jaafari tambi\u00e9n destac\u00f3 la necesidad de fortalecer las relaciones entre las dos partes en todos los \u00e1mbitos, especialmente en el campo de la cooperaci\u00f3n econ\u00f3mica.<\/p>\n<p style=\"text-align: justify;\">ed\/fm<\/p>\n","protected":false},"excerpt":{"rendered":"<p>Mosc\u00fa, 16 ene (SANA)\u00a0 \u00a0 El embajador sirio en Rusia, Bashar Al-Jaafari, examin\u00f3 con la embajadora de la Rep\u00fablica de Kirguist\u00e1n en Mosc\u00fa, Gulnara Clara Samat, las v\u00edas para fortalecer las relaciones bilaterales e hist\u00f3ricas entre los dos pa\u00edses amigos. Durante la reuni\u00f3n, al-Jaafari ofreci\u00f3 una explicaci\u00f3n pol\u00edtica y econ\u00f3mica sobre la guerra terrorista que &hellip;<\/p>\n","protected":false},"author":32,"featured_media":283047,"comment_status":"closed","ping_status":"closed","sticky":false,"template":"","format":"standard","meta":{"footnotes":""},"categories":[597,467,7541],"tags":[],"class_list":["post-283046","post","type-post","status-publish","format-standard","has-post-thumbnail","","category-cinta-de-noticias","category-siria-y-el-mundo","category-ultimas-noticias"],"_links":{"self":[{"href":"https:\/\/archive.sana.sy\/es\/index.php?rest_route=\/wp\/v2\/posts\/283046"}],"collection":[{"href":"https:\/\/archive.sana.sy\/es\/index.php?rest_route=\/wp\/v2\/posts"}],"about":[{"href":"https:\/\/archive.sana.sy\/es\/index.php?rest_route=\/wp\/v2\/types\/post"}],"author":[{"embeddable":true,"href":"https:\/\/archive.sana.sy\/es\/index.php?rest_route=\/wp\/v2\/users\/32"}],"replies":[{"embeddable":true,"href":"https:\/\/archive.sana.sy\/es\/index.php?rest_route=%2Fwp%2Fv2%2Fcomments&post=283046"}],"version-history":[{"count":0,"href":"https:\/\/archive.sana.sy\/es\/index.php?rest_route=\/wp\/v2\/posts\/283046\/revisions"}],"wp:featuredmedia":[{"embeddable":true,"href":"https:\/\/archive.sana.sy\/es\/index.php?rest_route=\/wp\/v2\/media\/283047"}],"wp:attachment":[{"href":"https:\/\/archive.sana.sy\/es\/index.php?rest_route=%2Fwp%2Fv2%2Fmedia&parent=283046"}],"wp:term":[{"taxonomy":"category","embeddable":true,"href":"https:\/\/archive.sana.sy\/es\/index.php?rest_route=%2Fwp%2Fv2%2Fcategories&post=283046"},{"taxonomy":"post_tag","embeddable":true,"href":"https:\/\/archive.sana.sy\/es\/index.php?rest_route=%2Fwp%2Fv2%2Ftags&post=283046"}],"curies":[{"name":"wp","href":"https:\/\/api.w.org\/{rel}","templated":true}]}}