{"id":283052,"date":"2023-01-16T14:37:24","date_gmt":"2023-01-16T12:37:24","guid":{"rendered":"http:\/\/107.6.182.27\/es\/?p=283052"},"modified":"2023-01-16T15:18:46","modified_gmt":"2023-01-16T13:18:46","slug":"el-bloqueo-estadounidense-a-siria-es-un-crimen-contra-la-humanidad-afirma-politico-arabe","status":"publish","type":"post","link":"https:\/\/archive.sana.sy\/es\/?p=283052","title":{"rendered":"Pol\u00edtico \u00e1rabe: El bloqueo estadounidense a Siria es un crimen contra la humanidad"},"content":{"rendered":"<p style=\"text-align: justify;\"><span style=\"color: #800000;\"><strong>Beirut, 16 ene (SANA)<\/strong><\/span> El investigador y exsecretario general del Congreso Nacional \u00c1rabe, Ziyad Hafez, confirm\u00f3 que Siria era, es y seguir\u00e1 siendo fortaleza firme ante cualquiera que intente socavar su independencia y su enfoque pan\u00e1rabe.<\/p>\n<p style=\"text-align: justify;\">\u201cEl asedio, la ocupaci\u00f3n de partes del territorio sirio y el saqueo del petr\u00f3leo y los recursos naturales por parte de Estados Unidos constituyen un intento desesperado para presionar a Siria y su pueblo, tras el fracaso de la agresi\u00f3n en su contra\u201d, agreg\u00f3 el pol\u00edtico \u00e1rabe.<\/p>\n<p style=\"text-align: justify;\">Asimismo, subray\u00f3 que este bloqueo representa un crimen de lesa humanidad y una flagrante violaci\u00f3n de las leyes y normas internacionales, y favorece a los objetivos y planes de la entidad sionista.<\/p>\n<p style=\"text-align: justify;\">Tambi\u00e9n, llam\u00f3 a la formaci\u00f3n de comit\u00e9s en varios pa\u00edses del mundo \u00e1rabe para motivar a los ciudadanos a rechazar el bloqueo y las injustas medidas impuestas a Siria.<\/p>\n<p style=\"text-align: justify;\">mm\/fm<\/p>\n","protected":false},"excerpt":{"rendered":"<p>Beirut, 16 ene (SANA) El investigador y exsecretario general del Congreso Nacional \u00c1rabe, Ziyad Hafez, confirm\u00f3 que Siria era, es y seguir\u00e1 siendo fortaleza firme ante cualquiera que intente socavar su independencia y su enfoque pan\u00e1rabe. \u201cEl asedio, la ocupaci\u00f3n de partes del territorio sirio y el saqueo del petr\u00f3leo y los recursos naturales por &hellip;<\/p>\n","protected":false},"author":36,"featured_media":283053,"comment_status":"closed","ping_status":"closed","sticky":false,"template":"","format":"standard","meta":{"footnotes":""},"categories":[597,20724,467],"tags":[],"class_list":["post-283052","post","type-post","status-publish","format-standard","has-post-thumbnail","","category-cinta-de-noticias","category-minuto-a-minuto","category-siria-y-el-mundo"],"_links":{"self":[{"href":"https:\/\/archive.sana.sy\/es\/index.php?rest_route=\/wp\/v2\/posts\/283052"}],"collection":[{"href":"https:\/\/archive.sana.sy\/es\/index.php?rest_route=\/wp\/v2\/posts"}],"about":[{"href":"https:\/\/archive.sana.sy\/es\/index.php?rest_route=\/wp\/v2\/types\/post"}],"author":[{"embeddable":true,"href":"https:\/\/archive.sana.sy\/es\/index.php?rest_route=\/wp\/v2\/users\/36"}],"replies":[{"embeddable":true,"href":"https:\/\/archive.sana.sy\/es\/index.php?rest_route=%2Fwp%2Fv2%2Fcomments&post=283052"}],"version-history":[{"count":0,"href":"https:\/\/archive.sana.sy\/es\/index.php?rest_route=\/wp\/v2\/posts\/283052\/revisions"}],"wp:featuredmedia":[{"embeddable":true,"href":"https:\/\/archive.sana.sy\/es\/index.php?rest_route=\/wp\/v2\/media\/283053"}],"wp:attachment":[{"href":"https:\/\/archive.sana.sy\/es\/index.php?rest_route=%2Fwp%2Fv2%2Fmedia&parent=283052"}],"wp:term":[{"taxonomy":"category","embeddable":true,"href":"https:\/\/archive.sana.sy\/es\/index.php?rest_route=%2Fwp%2Fv2%2Fcategories&post=283052"},{"taxonomy":"post_tag","embeddable":true,"href":"https:\/\/archive.sana.sy\/es\/index.php?rest_route=%2Fwp%2Fv2%2Ftags&post=283052"}],"curies":[{"name":"wp","href":"https:\/\/api.w.org\/{rel}","templated":true}]}}