{"id":283082,"date":"2023-01-16T15:48:36","date_gmt":"2023-01-16T13:48:36","guid":{"rendered":"http:\/\/107.6.182.27\/es\/?p=283082"},"modified":"2023-01-16T15:48:36","modified_gmt":"2023-01-16T13:48:36","slug":"siria-y-egipto-abogan-por-una-cooperacion-agricola","status":"publish","type":"post","link":"https:\/\/archive.sana.sy\/es\/?p=283082","title":{"rendered":"Siria y Egipto abogan por una cooperaci\u00f3n agr\u00edcola"},"content":{"rendered":"<p style=\"text-align: justify;\"><span style=\"color: #800000;\"><strong>Damasco, 16 ene (SANA)<\/strong><\/span> El ministro sirio de Agricultura, Mohamed Hassan Qatna, abord\u00f3 hoy con el vicepresidente del Sindicato General de Trabajadores de Agricultura, Irrigaci\u00f3n, Caza y Recuperaci\u00f3n de Tierras de Egipto, Abdel Fattah Sayed Ahmed, el desarrollo de las relaciones agr\u00edcolas y la cooperaci\u00f3n entre los dos pa\u00edses.<\/p>\n<p style=\"text-align: justify;\">Durante el encuentro, el titular sirio explic\u00f3 la realidad de la agricultura en Siria y las dificultades que enfrentaron los agricultores durante los a\u00f1os anteriores, y se refiri\u00f3 a la importancia de la cooperaci\u00f3n entre los dos pa\u00edses en todos los campos agr\u00edcolas.<\/p>\n<p style=\"text-align: justify;\">Por su parte, Abdel-Fattah Sayed Ahmed, destac\u00f3 la solidez de las relaciones con Siria y la importancia de desarrollarlas, de manera que beneficien a la agricultura y los agricultores de ambos pa\u00edses.<\/p>\n<p>mm<\/p>\n","protected":false},"excerpt":{"rendered":"<p>Damasco, 16 ene (SANA) El ministro sirio de Agricultura, Mohamed Hassan Qatna, abord\u00f3 hoy con el vicepresidente del Sindicato General de Trabajadores de Agricultura, Irrigaci\u00f3n, Caza y Recuperaci\u00f3n de Tierras de Egipto, Abdel Fattah Sayed Ahmed, el desarrollo de las relaciones agr\u00edcolas y la cooperaci\u00f3n entre los dos pa\u00edses. Durante el encuentro, el titular sirio &hellip;<\/p>\n","protected":false},"author":36,"featured_media":283083,"comment_status":"closed","ping_status":"closed","sticky":false,"template":"","format":"standard","meta":{"footnotes":""},"categories":[597,20724,467,7541],"tags":[],"class_list":["post-283082","post","type-post","status-publish","format-standard","has-post-thumbnail","","category-cinta-de-noticias","category-minuto-a-minuto","category-siria-y-el-mundo","category-ultimas-noticias"],"_links":{"self":[{"href":"https:\/\/archive.sana.sy\/es\/index.php?rest_route=\/wp\/v2\/posts\/283082"}],"collection":[{"href":"https:\/\/archive.sana.sy\/es\/index.php?rest_route=\/wp\/v2\/posts"}],"about":[{"href":"https:\/\/archive.sana.sy\/es\/index.php?rest_route=\/wp\/v2\/types\/post"}],"author":[{"embeddable":true,"href":"https:\/\/archive.sana.sy\/es\/index.php?rest_route=\/wp\/v2\/users\/36"}],"replies":[{"embeddable":true,"href":"https:\/\/archive.sana.sy\/es\/index.php?rest_route=%2Fwp%2Fv2%2Fcomments&post=283082"}],"version-history":[{"count":0,"href":"https:\/\/archive.sana.sy\/es\/index.php?rest_route=\/wp\/v2\/posts\/283082\/revisions"}],"wp:featuredmedia":[{"embeddable":true,"href":"https:\/\/archive.sana.sy\/es\/index.php?rest_route=\/wp\/v2\/media\/283083"}],"wp:attachment":[{"href":"https:\/\/archive.sana.sy\/es\/index.php?rest_route=%2Fwp%2Fv2%2Fmedia&parent=283082"}],"wp:term":[{"taxonomy":"category","embeddable":true,"href":"https:\/\/archive.sana.sy\/es\/index.php?rest_route=%2Fwp%2Fv2%2Fcategories&post=283082"},{"taxonomy":"post_tag","embeddable":true,"href":"https:\/\/archive.sana.sy\/es\/index.php?rest_route=%2Fwp%2Fv2%2Ftags&post=283082"}],"curies":[{"name":"wp","href":"https:\/\/api.w.org\/{rel}","templated":true}]}}