{"id":283085,"date":"2023-01-16T15:55:18","date_gmt":"2023-01-16T13:55:18","guid":{"rendered":"http:\/\/107.6.182.27\/es\/?p=283085"},"modified":"2023-01-17T06:04:42","modified_gmt":"2023-01-17T04:04:42","slug":"siria-ofrece-condolencias-a-nepal-por-las-victimas-del-accidente-de-avion-de-pasajeros","status":"publish","type":"post","link":"https:\/\/archive.sana.sy\/es\/?p=283085","title":{"rendered":"Siria ofrece condolencias a Nepal por las v\u00edctimas del accidente de avi\u00f3n de pasajeros"},"content":{"rendered":"<p style=\"text-align: justify;\"><span style=\"color: #800000;\"><strong>Damasco, 16 ene (SANA)<\/strong> <\/span>El Gobierno sirio expres\u00f3 hoy sus m\u00e1s sinceras condolencias al pueblo y al gobierno de Nepal por las v\u00edctimas del accidente del avi\u00f3n de pasajeros, as\u00ed como manifest\u00f3 la solidaridad con el pueblo nepal\u00ed y las familias de las v\u00edctimas.<\/p>\n<p style=\"text-align: justify;\">Por medio de un comunicado publicado en su cuenta de Twitter, el Ministerio de Asuntos Exteriores y Expatriados declar\u00f3 que \u201cSiria expresa sus profundas condolencias al pueblo y gobierno de la amiga Rep\u00fablica de Nepal por las v\u00edctimas del accidente del avi\u00f3n de pasajeros en Pokhara, en el centro de Nepal\u201d.<\/p>\n<p style=\"text-align: justify;\">72 personas, entre ellos 68 pasajeros y 4 tripulantes, fallecieron a consecuencia del accidente a\u00e9reo, y el gobierno declar\u00f3 un d\u00eda de luto nacional por la vida de las v\u00edctimas.<\/p>\n<p>fm\/mm<\/p>\n<p>&nbsp;<\/p>\n","protected":false},"excerpt":{"rendered":"<p>Damasco, 16 ene (SANA) El Gobierno sirio expres\u00f3 hoy sus m\u00e1s sinceras condolencias al pueblo y al gobierno de Nepal por las v\u00edctimas del accidente del avi\u00f3n de pasajeros, as\u00ed como manifest\u00f3 la solidaridad con el pueblo nepal\u00ed y las familias de las v\u00edctimas. Por medio de un comunicado publicado en su cuenta de Twitter, &hellip;<\/p>\n","protected":false},"author":36,"featured_media":283086,"comment_status":"closed","ping_status":"closed","sticky":false,"template":"","format":"standard","meta":{"footnotes":""},"categories":[597,20724,467,583,7541],"tags":[],"class_list":["post-283085","post","type-post","status-publish","format-standard","has-post-thumbnail","","category-cinta-de-noticias","category-minuto-a-minuto","category-siria-y-el-mundo","category-slide","category-ultimas-noticias"],"_links":{"self":[{"href":"https:\/\/archive.sana.sy\/es\/index.php?rest_route=\/wp\/v2\/posts\/283085"}],"collection":[{"href":"https:\/\/archive.sana.sy\/es\/index.php?rest_route=\/wp\/v2\/posts"}],"about":[{"href":"https:\/\/archive.sana.sy\/es\/index.php?rest_route=\/wp\/v2\/types\/post"}],"author":[{"embeddable":true,"href":"https:\/\/archive.sana.sy\/es\/index.php?rest_route=\/wp\/v2\/users\/36"}],"replies":[{"embeddable":true,"href":"https:\/\/archive.sana.sy\/es\/index.php?rest_route=%2Fwp%2Fv2%2Fcomments&post=283085"}],"version-history":[{"count":0,"href":"https:\/\/archive.sana.sy\/es\/index.php?rest_route=\/wp\/v2\/posts\/283085\/revisions"}],"wp:featuredmedia":[{"embeddable":true,"href":"https:\/\/archive.sana.sy\/es\/index.php?rest_route=\/wp\/v2\/media\/283086"}],"wp:attachment":[{"href":"https:\/\/archive.sana.sy\/es\/index.php?rest_route=%2Fwp%2Fv2%2Fmedia&parent=283085"}],"wp:term":[{"taxonomy":"category","embeddable":true,"href":"https:\/\/archive.sana.sy\/es\/index.php?rest_route=%2Fwp%2Fv2%2Fcategories&post=283085"},{"taxonomy":"post_tag","embeddable":true,"href":"https:\/\/archive.sana.sy\/es\/index.php?rest_route=%2Fwp%2Fv2%2Ftags&post=283085"}],"curies":[{"name":"wp","href":"https:\/\/api.w.org\/{rel}","templated":true}]}}