{"id":283171,"date":"2023-01-17T12:09:23","date_gmt":"2023-01-17T10:09:23","guid":{"rendered":"http:\/\/107.6.182.27\/es\/?p=283171"},"modified":"2023-01-17T12:09:23","modified_gmt":"2023-01-17T10:09:23","slug":"ultima-hora-shoigu-aumentaremos-el-numero-de-las-fuerzas-armadas-rusas-a-15-millones-de-soldados-e-incrementaremos-las-capacidades-de-combate-de-las-fuerzas-navales-aereas-y-estrategicas","status":"publish","type":"post","link":"https:\/\/archive.sana.sy\/es\/?p=283171","title":{"rendered":"\u00daLTIMA HORA | Shoig\u00fa: aumentaremos el n\u00famero de las Fuerzas Armadas Rusas a 1,5 millones de soldados e incrementaremos las capacidades de combate de las fuerzas navales, a\u00e9reas y estrat\u00e9gicas"},"content":{"rendered":"","protected":false},"excerpt":{"rendered":"","protected":false},"author":42,"featured_media":0,"comment_status":"closed","ping_status":"closed","sticky":false,"template":"","format":"standard","meta":{"footnotes":""},"categories":[20724,596],"tags":[],"class_list":["post-283171","post","type-post","status-publish","format-standard","","category-minuto-a-minuto","category-urgente"],"_links":{"self":[{"href":"https:\/\/archive.sana.sy\/es\/index.php?rest_route=\/wp\/v2\/posts\/283171"}],"collection":[{"href":"https:\/\/archive.sana.sy\/es\/index.php?rest_route=\/wp\/v2\/posts"}],"about":[{"href":"https:\/\/archive.sana.sy\/es\/index.php?rest_route=\/wp\/v2\/types\/post"}],"author":[{"embeddable":true,"href":"https:\/\/archive.sana.sy\/es\/index.php?rest_route=\/wp\/v2\/users\/42"}],"replies":[{"embeddable":true,"href":"https:\/\/archive.sana.sy\/es\/index.php?rest_route=%2Fwp%2Fv2%2Fcomments&post=283171"}],"version-history":[{"count":0,"href":"https:\/\/archive.sana.sy\/es\/index.php?rest_route=\/wp\/v2\/posts\/283171\/revisions"}],"wp:attachment":[{"href":"https:\/\/archive.sana.sy\/es\/index.php?rest_route=%2Fwp%2Fv2%2Fmedia&parent=283171"}],"wp:term":[{"taxonomy":"category","embeddable":true,"href":"https:\/\/archive.sana.sy\/es\/index.php?rest_route=%2Fwp%2Fv2%2Fcategories&post=283171"},{"taxonomy":"post_tag","embeddable":true,"href":"https:\/\/archive.sana.sy\/es\/index.php?rest_route=%2Fwp%2Fv2%2Ftags&post=283171"}],"curies":[{"name":"wp","href":"https:\/\/api.w.org\/{rel}","templated":true}]}}