{"id":283205,"date":"2023-01-17T17:37:32","date_gmt":"2023-01-17T15:37:32","guid":{"rendered":"http:\/\/107.6.182.27\/es\/?p=283205"},"modified":"2023-01-17T17:37:32","modified_gmt":"2023-01-17T15:37:32","slug":"autoridades-iraquies-capturan-a-10-terroristas-de-daesh","status":"publish","type":"post","link":"https:\/\/archive.sana.sy\/es\/?p=283205","title":{"rendered":"Autoridades iraqu\u00edes capturan a 10 terroristas de Daesh"},"content":{"rendered":"<p style=\"text-align: justify\"><span style=\"color: #800000\"><strong>Bagdad, 17 ene (SANA)<\/strong><\/span> Las autoridades iraqu\u00edes arrestaron este martes a 10 personas acusadas de cometer delitos de terrorismo en operaciones separadas que tuvieron lugar en cuatro gobernaciones.<\/p>\n<p style=\"text-align: justify\">\u201cTras una serie de operaciones de seguridad de inteligencia fueron arrestados 10 sospechosos de delitos de terrorismo contra quienes se hab\u00edan presentado denuncias y pruebas de su afiliaci\u00f3n con grupos de Daesh, y su comisi\u00f3n de cr\u00edmenes contra civiles y venta de armas, cit\u00f3 al-Sumaria News cit\u00f3 a la Agencia Federal de Inteligencia e Investigaci\u00f3n de Irak.<\/p>\n<p style=\"text-align: justify\">Seg\u00fan la declaraci\u00f3n de la agencia, 6 de los 10 fueron capturados en la gobernaci\u00f3n de Kirkuk, dos en Salah al-Din y dos en Dhi Qar y Basora.<\/p>\n<p style=\"text-align: justify\">El Ministerio de Defensa iraqu\u00ed hab\u00eda anunciado anteriormente hoy la neutralizaci\u00f3n de dos terroristas de la organizaci\u00f3n de Daesh, al suroeste de Mosul, en el norte del pa\u00eds.<\/p>\n<p style=\"text-align: justify\">\nla<\/p>\n","protected":false},"excerpt":{"rendered":"<p>Bagdad, 17 ene (SANA) Las autoridades iraqu\u00edes arrestaron este martes a 10 personas acusadas de cometer delitos de terrorismo en operaciones separadas que tuvieron lugar en cuatro gobernaciones. \u201cTras una serie de operaciones de seguridad de inteligencia fueron arrestados 10 sospechosos de delitos de terrorismo contra quienes se hab\u00edan presentado denuncias y pruebas de su &hellip;<\/p>\n","protected":false},"author":24,"featured_media":283206,"comment_status":"closed","ping_status":"closed","sticky":false,"template":"","format":"standard","meta":{"footnotes":""},"categories":[597,456,16687,20724],"tags":[],"class_list":["post-283205","post","type-post","status-publish","format-standard","has-post-thumbnail","","category-cinta-de-noticias","category-arabe-internacional-politica","category-internacionales","category-minuto-a-minuto"],"_links":{"self":[{"href":"https:\/\/archive.sana.sy\/es\/index.php?rest_route=\/wp\/v2\/posts\/283205"}],"collection":[{"href":"https:\/\/archive.sana.sy\/es\/index.php?rest_route=\/wp\/v2\/posts"}],"about":[{"href":"https:\/\/archive.sana.sy\/es\/index.php?rest_route=\/wp\/v2\/types\/post"}],"author":[{"embeddable":true,"href":"https:\/\/archive.sana.sy\/es\/index.php?rest_route=\/wp\/v2\/users\/24"}],"replies":[{"embeddable":true,"href":"https:\/\/archive.sana.sy\/es\/index.php?rest_route=%2Fwp%2Fv2%2Fcomments&post=283205"}],"version-history":[{"count":0,"href":"https:\/\/archive.sana.sy\/es\/index.php?rest_route=\/wp\/v2\/posts\/283205\/revisions"}],"wp:featuredmedia":[{"embeddable":true,"href":"https:\/\/archive.sana.sy\/es\/index.php?rest_route=\/wp\/v2\/media\/283206"}],"wp:attachment":[{"href":"https:\/\/archive.sana.sy\/es\/index.php?rest_route=%2Fwp%2Fv2%2Fmedia&parent=283205"}],"wp:term":[{"taxonomy":"category","embeddable":true,"href":"https:\/\/archive.sana.sy\/es\/index.php?rest_route=%2Fwp%2Fv2%2Fcategories&post=283205"},{"taxonomy":"post_tag","embeddable":true,"href":"https:\/\/archive.sana.sy\/es\/index.php?rest_route=%2Fwp%2Fv2%2Ftags&post=283205"}],"curies":[{"name":"wp","href":"https:\/\/api.w.org\/{rel}","templated":true}]}}