{"id":283273,"date":"2023-01-18T05:25:01","date_gmt":"2023-01-18T03:25:01","guid":{"rendered":"http:\/\/107.6.182.27\/es\/?p=283273"},"modified":"2023-01-18T05:25:01","modified_gmt":"2023-01-18T03:25:01","slug":"miles-de-campesinos-marchan-hacia-lima-para-exigir-la-renuncia-de-dina-boluarte","status":"publish","type":"post","link":"https:\/\/archive.sana.sy\/es\/?p=283273","title":{"rendered":"Miles de campesinos marchan hacia Lima para exigir la renuncia de Dina Boluarte"},"content":{"rendered":"<p style=\"text-align: justify;\"><span style=\"color: #800000;\"><strong>Lima, 18 ene (SANA)<\/strong> <\/span>Miles de ciudadanos de las zonas rurales de Per\u00fa iniciaron una masiva movilizaci\u00f3n hacia Lima, capital del pa\u00eds, para exigir elecciones inmediatas y la renuncia de la presidenta interina Dina Boluarte, inform\u00f3 RT.<\/p>\n<p style=\"text-align: justify;\">Las protestas incrementan desde la pol\u00e9mica destituci\u00f3n de Pedro Castillo hace m\u00e1s de 40 d\u00edas, dejando hasta la fecha decenas de fallecidos en las protestas.<\/p>\n<p style=\"text-align: justify;\">La &#8216;Marcha de los cuatro suyos&#8217;, denominada as\u00ed en referencia a la gran protesta que deriv\u00f3 en la renuncia del expresidente Alberto Fujimori en el a\u00f1o 2000, durar\u00e1 dos d\u00edas y culminar\u00e1 en las puertas mismas del Palacio de Gobierno.<\/p>\n<p style=\"text-align: justify;\">La actual mandataria, quien asumi\u00f3 el cargo por sucesi\u00f3n constitucional el pasado 7 de diciembre, decret\u00f3 el s\u00e1bado el estado de emergencia por un plazo de 30 d\u00edas. Esto implica la suspensi\u00f3n de los derechos constitucionales de las personas en varias regiones y ciudades del pa\u00eds.<\/p>\n<p style=\"text-align: justify;\">Aun as\u00ed, cientos de comuneros, campesinos, ind\u00edgenas y peruanos descontentos por la crisis institucional, pol\u00edtica y social, se dirigen a la capital para presionar por la renovaci\u00f3n total del Estado.<\/p>\n<p style=\"text-align: justify;\">fm<\/p>\n<p style=\"text-align: justify;\">\n","protected":false},"excerpt":{"rendered":"<p>Lima, 18 ene (SANA) Miles de ciudadanos de las zonas rurales de Per\u00fa iniciaron una masiva movilizaci\u00f3n hacia Lima, capital del pa\u00eds, para exigir elecciones inmediatas y la renuncia de la presidenta interina Dina Boluarte, inform\u00f3 RT. Las protestas incrementan desde la pol\u00e9mica destituci\u00f3n de Pedro Castillo hace m\u00e1s de 40 d\u00edas, dejando hasta la &hellip;<\/p>\n","protected":false},"author":34,"featured_media":283274,"comment_status":"closed","ping_status":"closed","sticky":false,"template":"","format":"standard","meta":{"footnotes":""},"categories":[597,456,20724,7541],"tags":[],"class_list":["post-283273","post","type-post","status-publish","format-standard","has-post-thumbnail","","category-cinta-de-noticias","category-arabe-internacional-politica","category-minuto-a-minuto","category-ultimas-noticias"],"_links":{"self":[{"href":"https:\/\/archive.sana.sy\/es\/index.php?rest_route=\/wp\/v2\/posts\/283273"}],"collection":[{"href":"https:\/\/archive.sana.sy\/es\/index.php?rest_route=\/wp\/v2\/posts"}],"about":[{"href":"https:\/\/archive.sana.sy\/es\/index.php?rest_route=\/wp\/v2\/types\/post"}],"author":[{"embeddable":true,"href":"https:\/\/archive.sana.sy\/es\/index.php?rest_route=\/wp\/v2\/users\/34"}],"replies":[{"embeddable":true,"href":"https:\/\/archive.sana.sy\/es\/index.php?rest_route=%2Fwp%2Fv2%2Fcomments&post=283273"}],"version-history":[{"count":0,"href":"https:\/\/archive.sana.sy\/es\/index.php?rest_route=\/wp\/v2\/posts\/283273\/revisions"}],"wp:featuredmedia":[{"embeddable":true,"href":"https:\/\/archive.sana.sy\/es\/index.php?rest_route=\/wp\/v2\/media\/283274"}],"wp:attachment":[{"href":"https:\/\/archive.sana.sy\/es\/index.php?rest_route=%2Fwp%2Fv2%2Fmedia&parent=283273"}],"wp:term":[{"taxonomy":"category","embeddable":true,"href":"https:\/\/archive.sana.sy\/es\/index.php?rest_route=%2Fwp%2Fv2%2Fcategories&post=283273"},{"taxonomy":"post_tag","embeddable":true,"href":"https:\/\/archive.sana.sy\/es\/index.php?rest_route=%2Fwp%2Fv2%2Ftags&post=283273"}],"curies":[{"name":"wp","href":"https:\/\/api.w.org\/{rel}","templated":true}]}}