{"id":283316,"date":"2023-01-18T11:11:41","date_gmt":"2023-01-18T09:11:41","guid":{"rendered":"http:\/\/107.6.182.27\/es\/?p=283316"},"modified":"2023-01-18T11:11:41","modified_gmt":"2023-01-18T09:11:41","slug":"lavrov-los-paises-occidentales-mienten-al-afirmar-que-no-estan-en-guerra-con-rusia-en-ucrania","status":"publish","type":"post","link":"https:\/\/archive.sana.sy\/es\/?p=283316","title":{"rendered":"Lavrov: los pa\u00edses occidentales mienten al afirmar que no est\u00e1n en guerra con Rusia en Ucrania"},"content":{"rendered":"<p style=\"text-align: justify;\"><span style=\"color: #000000;\"><em><strong>&#8220;Las sanciones contrarias a los postulados occidentales se est\u00e1n utilizando contra Rusia, pero pronto podr\u00edan utilizarse contra cualquier Estado que se niegue a seguir las \u00f3rdenes de Estados Unidos&#8221;<\/strong><\/em><\/span><\/p>\n<p style=\"text-align: justify;\"><span style=\"color: #800000;\"><strong>Mosc\u00fa, 18 ene (SANA)<\/strong><\/span> El ministro de Relaciones Exteriores de Rusia, Sergei Lavrov, dijo hoy durante una conferencia de prensa, que Europa ha perdido su independencia y se ha convertido por completo en t\u00edtere para las ambiciones estadounidenses.<\/p>\n<p style=\"text-align: justify;\">Asimismo, indic\u00f3 que los informes del Banco Mundial y la Organizaci\u00f3n Mundial de Alimentos antes del inicio de la operaci\u00f3n militar especial confirmaban que las acciones de Washington y sus aliados fueron la causa de la crisis econ\u00f3mica mundial.<\/p>\n<p style=\"text-align: justify;\">A trav\u00e9s de Ucrania, Occidente libra una guerra cuyo objetivo es la soluci\u00f3n definitiva de la cuesti\u00f3n rusa, puntualiz\u00f3. En este contexto, agreg\u00f3 que Occidente quiere &#8220;robar a todo el mundo&#8221; en las nuevas condiciones geopol\u00edticas.<\/p>\n<p style=\"text-align: justify;\">&#8220;La OTAN est\u00e1 luchando contra Rusia a trav\u00e9s de Ucrania y lo que est\u00e1 sucediendo all\u00ed es el resultado de la preparaci\u00f3n estadounidense para una guerra h\u00edbrida contra nosotros&#8221;, dijo el jefe de la diplomacia.<\/p>\n<p style=\"text-align: justify;\">Declar\u00f3 que los vol\u00famenes de apoyo a Ucrania indican que Occidente se ha jugado mucho en la guerra contra Rusia y reiter\u00f3 que los pa\u00edses occidentales mientan al afirmar que no est\u00e1n en guerra con Rusia en Ucrania.<\/p>\n<p style=\"text-align: justify;\">El Canciller agreg\u00f3 que el enfoque de Washington en las relaciones internacionales es agresivo con los que no est\u00e1n de acuerdo con sus pol\u00edticas. Sin embargop, estamos presenciando hoy el nacimiento de un orden mundial multipolar, afirm\u00f3.<\/p>\n<p style=\"text-align: justify;\">&#8220;Las sanciones contrarias a los postulados occidentales se est\u00e1n utilizando contra Rusia, pero pronto podr\u00edan utilizarse contra cualquier Estado que se niegue a seguir las \u00f3rdenes de Estados Unidos, precis\u00f3 Lavrov.<\/p>\n<p style=\"text-align: justify;\">Tambi\u00e9n, subray\u00f3 que los objetivos de la operaci\u00f3n militar especial no son inventados, est\u00e1n determinados por las amenazas a la seguridad de Rusia.<\/p>\n<p style=\"text-align: justify;\">fm\/as<\/p>\n","protected":false},"excerpt":{"rendered":"<p>&#8220;Las sanciones contrarias a los postulados occidentales se est\u00e1n utilizando contra Rusia, pero pronto podr\u00edan utilizarse contra cualquier Estado que se niegue a seguir las \u00f3rdenes de Estados Unidos&#8221; Mosc\u00fa, 18 ene (SANA) El ministro de Relaciones Exteriores de Rusia, Sergei Lavrov, dijo hoy durante una conferencia de prensa, que Europa ha perdido su independencia &hellip;<\/p>\n","protected":false},"author":42,"featured_media":283317,"comment_status":"closed","ping_status":"closed","sticky":false,"template":"","format":"standard","meta":{"footnotes":""},"categories":[597,456,16687,20724,7541],"tags":[],"class_list":["post-283316","post","type-post","status-publish","format-standard","has-post-thumbnail","","category-cinta-de-noticias","category-arabe-internacional-politica","category-internacionales","category-minuto-a-minuto","category-ultimas-noticias"],"_links":{"self":[{"href":"https:\/\/archive.sana.sy\/es\/index.php?rest_route=\/wp\/v2\/posts\/283316"}],"collection":[{"href":"https:\/\/archive.sana.sy\/es\/index.php?rest_route=\/wp\/v2\/posts"}],"about":[{"href":"https:\/\/archive.sana.sy\/es\/index.php?rest_route=\/wp\/v2\/types\/post"}],"author":[{"embeddable":true,"href":"https:\/\/archive.sana.sy\/es\/index.php?rest_route=\/wp\/v2\/users\/42"}],"replies":[{"embeddable":true,"href":"https:\/\/archive.sana.sy\/es\/index.php?rest_route=%2Fwp%2Fv2%2Fcomments&post=283316"}],"version-history":[{"count":0,"href":"https:\/\/archive.sana.sy\/es\/index.php?rest_route=\/wp\/v2\/posts\/283316\/revisions"}],"wp:featuredmedia":[{"embeddable":true,"href":"https:\/\/archive.sana.sy\/es\/index.php?rest_route=\/wp\/v2\/media\/283317"}],"wp:attachment":[{"href":"https:\/\/archive.sana.sy\/es\/index.php?rest_route=%2Fwp%2Fv2%2Fmedia&parent=283316"}],"wp:term":[{"taxonomy":"category","embeddable":true,"href":"https:\/\/archive.sana.sy\/es\/index.php?rest_route=%2Fwp%2Fv2%2Fcategories&post=283316"},{"taxonomy":"post_tag","embeddable":true,"href":"https:\/\/archive.sana.sy\/es\/index.php?rest_route=%2Fwp%2Fv2%2Ftags&post=283316"}],"curies":[{"name":"wp","href":"https:\/\/api.w.org\/{rel}","templated":true}]}}