{"id":28338,"date":"2015-08-14T16:03:24","date_gmt":"2015-08-14T13:03:24","guid":{"rendered":"http:\/\/sana.sy\/es\/?p=28338"},"modified":"2023-01-09T14:09:54","modified_gmt":"2023-01-09T12:09:54","slug":"18-heridos-dejan-unos-ataques-terroristas-contra-la-ciudad-de-darra","status":"publish","type":"post","link":"https:\/\/archive.sana.sy\/es\/?p=28338","title":{"rendered":"18 heridos dejan unos ataques terroristas contra la ciudad de Darra"},"content":{"rendered":"<p><span style=\"color: #800000\">Darra, SANA<\/span><\/p>\n<p style=\"text-align: justify\">Al menos 18 civiles resultaron heridos este viernes por misiles disparados por terroristas contra barrios residenciales de la ciudad de Darra, informo una fuente de la gobernaci\u00f3n de la urbe.<\/p>\n<p style=\"text-align: justify\">Fuentes locales indicaron que unos barrios residenciales de la ciudad han sido blancos de un n\u00famero de misiles lazados por los grupos terroristas apoyados por Israel y Jordania, causando lesiones a 18 personas y grandes da\u00f1os materiales.<\/p>\n<p style=\"text-align: justify\">Cabe mencionar que en los \u00faltimos dos d\u00edas un n\u00famero de personas perdieron la vida entre ellos ni\u00f1os y mujeres, debido a agresiones terroristas del Frente al-Nusra, por morteros y misiles contra varias zonas en la provincia de Darra.<\/p>\n<p>M.Miri<\/p>\n","protected":false},"excerpt":{"rendered":"<p>Darra, SANA Al menos 18 civiles resultaron heridos este viernes por misiles disparados por terroristas contra barrios residenciales de la ciudad de Darra, informo una fuente de la gobernaci\u00f3n de la urbe. Fuentes locales indicaron que unos barrios residenciales de la ciudad han sido blancos de un n\u00famero de misiles lazados por los grupos terroristas &hellip;<\/p>\n","protected":false},"author":1,"featured_media":3037,"comment_status":"closed","ping_status":"closed","sticky":false,"template":"","format":"standard","meta":{"footnotes":""},"categories":[477,573,476],"tags":[6308],"class_list":["post-28338","post","type-post","status-publish","format-standard","has-post-thumbnail","","category-noticias-edulcorantes","category-la-realidad-de-los-acontecimientos-en-siria","category-locales","tag-18-heridos-dejan-unos-ataques-terroristas-contra-la-ciudad-de-darra"],"_links":{"self":[{"href":"https:\/\/archive.sana.sy\/es\/index.php?rest_route=\/wp\/v2\/posts\/28338"}],"collection":[{"href":"https:\/\/archive.sana.sy\/es\/index.php?rest_route=\/wp\/v2\/posts"}],"about":[{"href":"https:\/\/archive.sana.sy\/es\/index.php?rest_route=\/wp\/v2\/types\/post"}],"author":[{"embeddable":true,"href":"https:\/\/archive.sana.sy\/es\/index.php?rest_route=\/wp\/v2\/users\/1"}],"replies":[{"embeddable":true,"href":"https:\/\/archive.sana.sy\/es\/index.php?rest_route=%2Fwp%2Fv2%2Fcomments&post=28338"}],"version-history":[{"count":0,"href":"https:\/\/archive.sana.sy\/es\/index.php?rest_route=\/wp\/v2\/posts\/28338\/revisions"}],"wp:featuredmedia":[{"embeddable":true,"href":"https:\/\/archive.sana.sy\/es\/index.php?rest_route=\/wp\/v2\/media\/3037"}],"wp:attachment":[{"href":"https:\/\/archive.sana.sy\/es\/index.php?rest_route=%2Fwp%2Fv2%2Fmedia&parent=28338"}],"wp:term":[{"taxonomy":"category","embeddable":true,"href":"https:\/\/archive.sana.sy\/es\/index.php?rest_route=%2Fwp%2Fv2%2Fcategories&post=28338"},{"taxonomy":"post_tag","embeddable":true,"href":"https:\/\/archive.sana.sy\/es\/index.php?rest_route=%2Fwp%2Fv2%2Ftags&post=28338"}],"curies":[{"name":"wp","href":"https:\/\/api.w.org\/{rel}","templated":true}]}}