{"id":283461,"date":"2023-01-19T09:37:21","date_gmt":"2023-01-19T07:37:21","guid":{"rendered":"http:\/\/107.6.182.27\/es\/?p=283461"},"modified":"2023-01-19T09:37:21","modified_gmt":"2023-01-19T07:37:21","slug":"prisionero-ucraniano-entrenadores-de-la-otan-forman-hace-anos-a-los-militares-ucranianos","status":"publish","type":"post","link":"https:\/\/archive.sana.sy\/es\/?p=283461","title":{"rendered":"Prisionero ucraniano: entrenadores de la OTAN forman hace a\u00f1os a los militares ucranianos"},"content":{"rendered":"<blockquote>\n<p style=\"text-align: justify;\"><span style=\"color: #000000;\"><em><strong>Rinat Aliev dijo en una entrevista con la agencia TASS que cuando estaba en servicio, hab\u00eda entrenadores canadienses que ense\u00f1aban medicina militar y primeros auxilios a los heridos en el campo de batalla, mientras otros grupos recib\u00edan diferentes tipos de entrenamiento, incluso para t\u00e1cticas de tiro.<\/strong><\/em><\/span><\/p>\n<\/blockquote>\n<p style=\"text-align: justify;\"><span style=\"color: #800000;\"><strong>Mosc\u00fa, 19 ene (SANA)<\/strong> <\/span>Un prisionero del extremista Batall\u00f3n Azov de Ucrania admiti\u00f3 que entrenadores de la OTAN participaban en el entrenamiento del ej\u00e9rcito ucraniano, varios a\u00f1os antes de la esclada en Donb\u00e1s.<\/p>\n<p style=\"text-align: justify;\">Rinat Aliev dijo en una entrevista con la agencia TASS que cuando estaba en servicio, hab\u00eda entrenadores canadienses que ense\u00f1aban medicina militar y primeros auxilios a los heridos en el campo de batalla, mientras otros grupos recib\u00edan diferentes tipos de entrenamiento, incluso para t\u00e1cticas de tiro.<\/p>\n<p style=\"text-align: justify;\">Seg\u00fan el prisionero, el personal militar de la OTAN estaba presente en el centro de entrenamiento de manera permanente, y en ese momento entrenaron a los militares ucranianos para usar armas occidentales, incluidos rifles.<\/p>\n<p style=\"text-align: justify;\">Agreg\u00f3 que vio all\u00ed por primera vez el sistema antitanque estadounidense &#8220;Javelin&#8221; que las fuerzas ucranianas comenzaron a usar a gran escala en 2022 en Donb\u00e1s.<\/p>\n<p style=\"text-align: justify;\">fm\/as<\/p>\n","protected":false},"excerpt":{"rendered":"<p>Rinat Aliev dijo en una entrevista con la agencia TASS que cuando estaba en servicio, hab\u00eda entrenadores canadienses que ense\u00f1aban medicina militar y primeros auxilios a los heridos en el campo de batalla, mientras otros grupos recib\u00edan diferentes tipos de entrenamiento, incluso para t\u00e1cticas de tiro. Mosc\u00fa, 19 ene (SANA) Un prisionero del extremista Batall\u00f3n &hellip;<\/p>\n","protected":false},"author":42,"featured_media":283464,"comment_status":"closed","ping_status":"closed","sticky":false,"template":"","format":"standard","meta":{"footnotes":""},"categories":[597,456,16687,20724,7541],"tags":[],"class_list":["post-283461","post","type-post","status-publish","format-standard","has-post-thumbnail","","category-cinta-de-noticias","category-arabe-internacional-politica","category-internacionales","category-minuto-a-minuto","category-ultimas-noticias"],"_links":{"self":[{"href":"https:\/\/archive.sana.sy\/es\/index.php?rest_route=\/wp\/v2\/posts\/283461"}],"collection":[{"href":"https:\/\/archive.sana.sy\/es\/index.php?rest_route=\/wp\/v2\/posts"}],"about":[{"href":"https:\/\/archive.sana.sy\/es\/index.php?rest_route=\/wp\/v2\/types\/post"}],"author":[{"embeddable":true,"href":"https:\/\/archive.sana.sy\/es\/index.php?rest_route=\/wp\/v2\/users\/42"}],"replies":[{"embeddable":true,"href":"https:\/\/archive.sana.sy\/es\/index.php?rest_route=%2Fwp%2Fv2%2Fcomments&post=283461"}],"version-history":[{"count":0,"href":"https:\/\/archive.sana.sy\/es\/index.php?rest_route=\/wp\/v2\/posts\/283461\/revisions"}],"wp:featuredmedia":[{"embeddable":true,"href":"https:\/\/archive.sana.sy\/es\/index.php?rest_route=\/wp\/v2\/media\/283464"}],"wp:attachment":[{"href":"https:\/\/archive.sana.sy\/es\/index.php?rest_route=%2Fwp%2Fv2%2Fmedia&parent=283461"}],"wp:term":[{"taxonomy":"category","embeddable":true,"href":"https:\/\/archive.sana.sy\/es\/index.php?rest_route=%2Fwp%2Fv2%2Fcategories&post=283461"},{"taxonomy":"post_tag","embeddable":true,"href":"https:\/\/archive.sana.sy\/es\/index.php?rest_route=%2Fwp%2Fv2%2Ftags&post=283461"}],"curies":[{"name":"wp","href":"https:\/\/api.w.org\/{rel}","templated":true}]}}