{"id":283507,"date":"2023-01-19T14:31:28","date_gmt":"2023-01-19T12:31:28","guid":{"rendered":"http:\/\/107.6.182.27\/es\/?p=283507"},"modified":"2023-01-19T14:31:28","modified_gmt":"2023-01-19T12:31:28","slug":"fuertes-nevadas-paralizan-trafico-aereo-en-el-segundo-aeropuerto-mas-grande-de-gran-bretana","status":"publish","type":"post","link":"https:\/\/archive.sana.sy\/es\/?p=283507","title":{"rendered":"Fuertes nevadas paralizan tr\u00e1fico a\u00e9reo en el segundo aeropuerto m\u00e1s grande de Gran Breta\u00f1a"},"content":{"rendered":"<p style=\"text-align: justify;\"><span style=\"color: #800000;\"><strong>Londres, 19 ene (SANA) <\/strong><\/span>El aeropuerto de Manchester en Gran Breta\u00f1a cerr\u00f3 sus pistas temporalmente debido a las fuertes nevadas de hoy.<\/p>\n<p style=\"text-align: justify;\">El diario Daily Star inform\u00f3 que el mencionado aeropuerto, el segundo m\u00e1s grande del pa\u00eds, anunci\u00f3 el cierre temporal de ambas pistas y se reanudar\u00e1n las operaciones lo antes posible.<\/p>\n<p style=\"text-align: justify;\">En diciembre pasado, el aeropuerto cerr\u00f3 temporalmente dos pistas debido a las fuertes nevadas.<\/p>\n<p style=\"text-align: justify;\">sm<\/p>\n<p style=\"text-align: justify;\">\n","protected":false},"excerpt":{"rendered":"<p>Londres, 19 ene (SANA) El aeropuerto de Manchester en Gran Breta\u00f1a cerr\u00f3 sus pistas temporalmente debido a las fuertes nevadas de hoy. El diario Daily Star inform\u00f3 que el mencionado aeropuerto, el segundo m\u00e1s grande del pa\u00eds, anunci\u00f3 el cierre temporal de ambas pistas y se reanudar\u00e1n las operaciones lo antes posible. En diciembre pasado, &hellip;<\/p>\n","protected":false},"author":39,"featured_media":283508,"comment_status":"closed","ping_status":"closed","sticky":false,"template":"","format":"standard","meta":{"footnotes":""},"categories":[597,456,16687],"tags":[],"class_list":["post-283507","post","type-post","status-publish","format-standard","has-post-thumbnail","","category-cinta-de-noticias","category-arabe-internacional-politica","category-internacionales"],"_links":{"self":[{"href":"https:\/\/archive.sana.sy\/es\/index.php?rest_route=\/wp\/v2\/posts\/283507"}],"collection":[{"href":"https:\/\/archive.sana.sy\/es\/index.php?rest_route=\/wp\/v2\/posts"}],"about":[{"href":"https:\/\/archive.sana.sy\/es\/index.php?rest_route=\/wp\/v2\/types\/post"}],"author":[{"embeddable":true,"href":"https:\/\/archive.sana.sy\/es\/index.php?rest_route=\/wp\/v2\/users\/39"}],"replies":[{"embeddable":true,"href":"https:\/\/archive.sana.sy\/es\/index.php?rest_route=%2Fwp%2Fv2%2Fcomments&post=283507"}],"version-history":[{"count":0,"href":"https:\/\/archive.sana.sy\/es\/index.php?rest_route=\/wp\/v2\/posts\/283507\/revisions"}],"wp:featuredmedia":[{"embeddable":true,"href":"https:\/\/archive.sana.sy\/es\/index.php?rest_route=\/wp\/v2\/media\/283508"}],"wp:attachment":[{"href":"https:\/\/archive.sana.sy\/es\/index.php?rest_route=%2Fwp%2Fv2%2Fmedia&parent=283507"}],"wp:term":[{"taxonomy":"category","embeddable":true,"href":"https:\/\/archive.sana.sy\/es\/index.php?rest_route=%2Fwp%2Fv2%2Fcategories&post=283507"},{"taxonomy":"post_tag","embeddable":true,"href":"https:\/\/archive.sana.sy\/es\/index.php?rest_route=%2Fwp%2Fv2%2Ftags&post=283507"}],"curies":[{"name":"wp","href":"https:\/\/api.w.org\/{rel}","templated":true}]}}