{"id":283550,"date":"2023-01-19T19:11:12","date_gmt":"2023-01-19T17:11:12","guid":{"rendered":"http:\/\/107.6.182.27\/es\/?p=283550"},"modified":"2023-01-19T19:11:12","modified_gmt":"2023-01-19T17:11:12","slug":"fuerzas-israelies-arrestan-a-cinco-palestinos-en-cisjordania","status":"publish","type":"post","link":"https:\/\/archive.sana.sy\/es\/?p=283550","title":{"rendered":"Fuerzas israel\u00edes arrestan a cinco palestinos en Cisjordania"},"content":{"rendered":"<p style=\"text-align: justify;\"><span style=\"color: #800000;\"><strong>Jerusal\u00e9n ocupada, 19 ene (SANA)<\/strong><\/span> Las fuerzas de ocupaci\u00f3n israel\u00edes arrestaron hoy a cinco palestinos en Cisjordania.<\/p>\n<p style=\"text-align: justify;\">Seg\u00fan difundi\u00f3 la agencia palestina de noticias WAFA, las fuerzas sionistas irrumpieron en la aldea de Yatta, al sur de la ciudad, y arrestaron a una familia de cuatro palestinos, los padres y sus hijos, despu\u00e9s de asaltar su casa.<\/p>\n<p style=\"text-align: justify;\">WAFA agreg\u00f3 que otro palestino fue arrestado de nuevo en la ciudad de Silwan, al sur de la mezquita Al-Aqsa, despu\u00e9s de su liberaci\u00f3n esta ma\u00f1ana.<\/p>\n<p style=\"text-align: justify;\">Anteriormente, las tropas israel\u00edes arrestaron a 15 palestinos en diversas zonas de la Ribera Occidental.<\/p>\n<p style=\"text-align: justify;\"><em><strong>ah\/fm<\/strong><\/em><\/p>\n","protected":false},"excerpt":{"rendered":"<p>Jerusal\u00e9n ocupada, 19 ene (SANA) Las fuerzas de ocupaci\u00f3n israel\u00edes arrestaron hoy a cinco palestinos en Cisjordania. Seg\u00fan difundi\u00f3 la agencia palestina de noticias WAFA, las fuerzas sionistas irrumpieron en la aldea de Yatta, al sur de la ciudad, y arrestaron a una familia de cuatro palestinos, los padres y sus hijos, despu\u00e9s de asaltar &hellip;<\/p>\n","protected":false},"author":30,"featured_media":283551,"comment_status":"closed","ping_status":"closed","sticky":false,"template":"","format":"standard","meta":{"footnotes":""},"categories":[456,16687,20724],"tags":[],"class_list":["post-283550","post","type-post","status-publish","format-standard","has-post-thumbnail","","category-arabe-internacional-politica","category-internacionales","category-minuto-a-minuto"],"_links":{"self":[{"href":"https:\/\/archive.sana.sy\/es\/index.php?rest_route=\/wp\/v2\/posts\/283550"}],"collection":[{"href":"https:\/\/archive.sana.sy\/es\/index.php?rest_route=\/wp\/v2\/posts"}],"about":[{"href":"https:\/\/archive.sana.sy\/es\/index.php?rest_route=\/wp\/v2\/types\/post"}],"author":[{"embeddable":true,"href":"https:\/\/archive.sana.sy\/es\/index.php?rest_route=\/wp\/v2\/users\/30"}],"replies":[{"embeddable":true,"href":"https:\/\/archive.sana.sy\/es\/index.php?rest_route=%2Fwp%2Fv2%2Fcomments&post=283550"}],"version-history":[{"count":0,"href":"https:\/\/archive.sana.sy\/es\/index.php?rest_route=\/wp\/v2\/posts\/283550\/revisions"}],"wp:featuredmedia":[{"embeddable":true,"href":"https:\/\/archive.sana.sy\/es\/index.php?rest_route=\/wp\/v2\/media\/283551"}],"wp:attachment":[{"href":"https:\/\/archive.sana.sy\/es\/index.php?rest_route=%2Fwp%2Fv2%2Fmedia&parent=283550"}],"wp:term":[{"taxonomy":"category","embeddable":true,"href":"https:\/\/archive.sana.sy\/es\/index.php?rest_route=%2Fwp%2Fv2%2Fcategories&post=283550"},{"taxonomy":"post_tag","embeddable":true,"href":"https:\/\/archive.sana.sy\/es\/index.php?rest_route=%2Fwp%2Fv2%2Ftags&post=283550"}],"curies":[{"name":"wp","href":"https:\/\/api.w.org\/{rel}","templated":true}]}}