{"id":283553,"date":"2023-01-19T20:10:46","date_gmt":"2023-01-19T18:10:46","guid":{"rendered":"http:\/\/107.6.182.27\/es\/?p=283553"},"modified":"2023-01-19T20:10:55","modified_gmt":"2023-01-19T18:10:55","slug":"presidente-irani-califica-de-impotencia-la-inclusion-de-la-guardia-revolucionaria-islamica-en-lista-de-organizaciones-terroristas","status":"publish","type":"post","link":"https:\/\/archive.sana.sy\/es\/?p=283553","title":{"rendered":"Presidente iran\u00ed califica de impotencia la inclusi\u00f3n de la Guardia Revolucionaria Isl\u00e1mica en lista de organizaciones terroristas"},"content":{"rendered":"<p style=\"text-align: justify;\"><span style=\"color: #800000;\"><strong>Teher\u00e1n, 19 ene (SANA)<\/strong><\/span> El presidente iran\u00ed, Ebrahim Raisi, describi\u00f3 la decisi\u00f3n de la Uni\u00f3n Europea de incluir a la Guardia Revolucionaria Isl\u00e1mica de Ir\u00e1n en la lista de organizaciones terroristas como una medida impotente que viola las leyes internacionales y la Carta de la ONU.<\/p>\n<p style=\"text-align: justify;\">La agencia de noticias iran\u00ed IRNA cit\u00f3 al mandatario del pa\u00eds diciendo en una reuni\u00f3n extraordinaria del gabinete celebrada hoy que \u201ceste paso surgi\u00f3 de la desesperaci\u00f3n, y despu\u00e9s del fracaso de sus intentos fallidos de golpear al pueblo iran\u00ed para que supuestamente pudieran obstruir su marcha progresista\u201d .<\/p>\n<p style=\"text-align: justify;\">\u201cLa Guardia Revolucionaria es una fuerza oficial y parte del sistema militar de Ir\u00e1n\u201d , enfatiz\u00f3 Raisis.<\/p>\n<p style=\"text-align: justify;\">Los eurodiputados votaron la v\u00edspera a favor de la enmienda propuesta para incluir al Cuerpo de la Guardia Revolucionaria Isl\u00e1mica en la lista de grupos terroristas de la UE.<\/p>\n<p style=\"text-align: justify;\"><em><strong>ah\/fm<\/strong><\/em><\/p>\n","protected":false},"excerpt":{"rendered":"<p>Teher\u00e1n, 19 ene (SANA) El presidente iran\u00ed, Ebrahim Raisi, describi\u00f3 la decisi\u00f3n de la Uni\u00f3n Europea de incluir a la Guardia Revolucionaria Isl\u00e1mica de Ir\u00e1n en la lista de organizaciones terroristas como una medida impotente que viola las leyes internacionales y la Carta de la ONU. La agencia de noticias iran\u00ed IRNA cit\u00f3 al mandatario &hellip;<\/p>\n","protected":false},"author":30,"featured_media":283555,"comment_status":"closed","ping_status":"closed","sticky":false,"template":"","format":"standard","meta":{"footnotes":""},"categories":[456,16687,20724],"tags":[],"class_list":["post-283553","post","type-post","status-publish","format-standard","has-post-thumbnail","","category-arabe-internacional-politica","category-internacionales","category-minuto-a-minuto"],"_links":{"self":[{"href":"https:\/\/archive.sana.sy\/es\/index.php?rest_route=\/wp\/v2\/posts\/283553"}],"collection":[{"href":"https:\/\/archive.sana.sy\/es\/index.php?rest_route=\/wp\/v2\/posts"}],"about":[{"href":"https:\/\/archive.sana.sy\/es\/index.php?rest_route=\/wp\/v2\/types\/post"}],"author":[{"embeddable":true,"href":"https:\/\/archive.sana.sy\/es\/index.php?rest_route=\/wp\/v2\/users\/30"}],"replies":[{"embeddable":true,"href":"https:\/\/archive.sana.sy\/es\/index.php?rest_route=%2Fwp%2Fv2%2Fcomments&post=283553"}],"version-history":[{"count":0,"href":"https:\/\/archive.sana.sy\/es\/index.php?rest_route=\/wp\/v2\/posts\/283553\/revisions"}],"wp:featuredmedia":[{"embeddable":true,"href":"https:\/\/archive.sana.sy\/es\/index.php?rest_route=\/wp\/v2\/media\/283555"}],"wp:attachment":[{"href":"https:\/\/archive.sana.sy\/es\/index.php?rest_route=%2Fwp%2Fv2%2Fmedia&parent=283553"}],"wp:term":[{"taxonomy":"category","embeddable":true,"href":"https:\/\/archive.sana.sy\/es\/index.php?rest_route=%2Fwp%2Fv2%2Fcategories&post=283553"},{"taxonomy":"post_tag","embeddable":true,"href":"https:\/\/archive.sana.sy\/es\/index.php?rest_route=%2Fwp%2Fv2%2Ftags&post=283553"}],"curies":[{"name":"wp","href":"https:\/\/api.w.org\/{rel}","templated":true}]}}