{"id":283562,"date":"2023-01-20T07:32:12","date_gmt":"2023-01-20T05:32:12","guid":{"rendered":"http:\/\/107.6.182.27\/es\/?p=283562"},"modified":"2023-01-20T07:32:12","modified_gmt":"2023-01-20T05:32:12","slug":"asesora-presidencial-siria-inicia-visita-a-teheran-para-participar-en-la-primera-conferencia-internacional-de-mujeres-influyentes","status":"publish","type":"post","link":"https:\/\/archive.sana.sy\/es\/?p=283562","title":{"rendered":"Asesora presidencial siria inicia visita a Teher\u00e1n para participar en la Primera Conferencia Internacional de Mujeres Influyentes"},"content":{"rendered":"<p style=\"text-align: justify;\"><span style=\"color: #800000;\"><strong>Teher\u00e1n, 20 ene (SANA)<\/strong><\/span> La asesora especial en la Presidencia de la Rep\u00fablica, Buzeina Shaaban, inici\u00f3 una visita oficial a Ir\u00e1n donde representar\u00e1 a la Primera Dama de la Rep\u00fablica \u00c1rabe Siria, Asma al-Assad, en la Primera Conferencia Internacional de Mujeres Influyentes que comienza este viernes.<\/p>\n<p style=\"text-align: justify;\">La asesora presidencial encabeza una delegaci\u00f3n de mujeres sirias y responde a una invitaci\u00f3n de Jamila Sadat Alam al-Huda, esposa del presidente iran\u00ed.<\/p>\n<p style=\"text-align: justify;\">Participan en este evento unas 400 personalidades de m\u00e1s de 80 pa\u00edses, entre ellas mujeres activas e influyentes en todos los \u00e1mbitos social, cultural, pol\u00edtico, cient\u00edfico y tecnol\u00f3gico, adem\u00e1s de 17 participantes a nivel de primeras damas de diversos pa\u00edses asi\u00e1ticos, europeos y americanos.<\/p>\n<p style=\"text-align: justify;\">La conferencia tiene como objetivo desarrollar las capacidades de las \u00e9lites de mujeres influyentes a nivel nacional e internacional, crear redes de esfuerzos comunes para apoyar y desarrollar a las mujeres en Ir\u00e1n y el mundo, y mejorar la comunicaci\u00f3n entre mujeres activas de diferentes pa\u00edses y continentes, para mejorar la condici\u00f3n y el papel de la mujer.<\/p>\n<p style=\"text-align: justify;\"><em><strong>fm\/ah<\/strong><\/em><\/p>\n","protected":false},"excerpt":{"rendered":"<p>Teher\u00e1n, 20 ene (SANA) La asesora especial en la Presidencia de la Rep\u00fablica, Buzeina Shaaban, inici\u00f3 una visita oficial a Ir\u00e1n donde representar\u00e1 a la Primera Dama de la Rep\u00fablica \u00c1rabe Siria, Asma al-Assad, en la Primera Conferencia Internacional de Mujeres Influyentes que comienza este viernes. La asesora presidencial encabeza una delegaci\u00f3n de mujeres sirias &hellip;<\/p>\n","protected":false},"author":30,"featured_media":283565,"comment_status":"closed","ping_status":"closed","sticky":false,"template":"","format":"standard","meta":{"footnotes":""},"categories":[597,20724,467,7541],"tags":[],"class_list":["post-283562","post","type-post","status-publish","format-standard","has-post-thumbnail","","category-cinta-de-noticias","category-minuto-a-minuto","category-siria-y-el-mundo","category-ultimas-noticias"],"_links":{"self":[{"href":"https:\/\/archive.sana.sy\/es\/index.php?rest_route=\/wp\/v2\/posts\/283562"}],"collection":[{"href":"https:\/\/archive.sana.sy\/es\/index.php?rest_route=\/wp\/v2\/posts"}],"about":[{"href":"https:\/\/archive.sana.sy\/es\/index.php?rest_route=\/wp\/v2\/types\/post"}],"author":[{"embeddable":true,"href":"https:\/\/archive.sana.sy\/es\/index.php?rest_route=\/wp\/v2\/users\/30"}],"replies":[{"embeddable":true,"href":"https:\/\/archive.sana.sy\/es\/index.php?rest_route=%2Fwp%2Fv2%2Fcomments&post=283562"}],"version-history":[{"count":0,"href":"https:\/\/archive.sana.sy\/es\/index.php?rest_route=\/wp\/v2\/posts\/283562\/revisions"}],"wp:featuredmedia":[{"embeddable":true,"href":"https:\/\/archive.sana.sy\/es\/index.php?rest_route=\/wp\/v2\/media\/283565"}],"wp:attachment":[{"href":"https:\/\/archive.sana.sy\/es\/index.php?rest_route=%2Fwp%2Fv2%2Fmedia&parent=283562"}],"wp:term":[{"taxonomy":"category","embeddable":true,"href":"https:\/\/archive.sana.sy\/es\/index.php?rest_route=%2Fwp%2Fv2%2Fcategories&post=283562"},{"taxonomy":"post_tag","embeddable":true,"href":"https:\/\/archive.sana.sy\/es\/index.php?rest_route=%2Fwp%2Fv2%2Ftags&post=283562"}],"curies":[{"name":"wp","href":"https:\/\/api.w.org\/{rel}","templated":true}]}}