{"id":283598,"date":"2023-01-20T09:35:25","date_gmt":"2023-01-20T07:35:25","guid":{"rendered":"http:\/\/107.6.182.27\/es\/?p=283598"},"modified":"2023-01-20T09:35:25","modified_gmt":"2023-01-20T07:35:25","slug":"reportan-dos-victimas-mortales-por-bombardeo-ucraniano-contra-zonas-residenciales-en-donetsk","status":"publish","type":"post","link":"https:\/\/archive.sana.sy\/es\/?p=283598","title":{"rendered":"Reportan dos v\u00edctimas mortales por bombardeo ucraniano contra zonas residenciales en Donetsk"},"content":{"rendered":"<p style=\"text-align: justify;\"><span style=\"color: #800000;\"><strong>Donetsk, 20 ene (SANA)<\/strong><\/span> La Rep\u00fablica Popular de Donetsk anunci\u00f3 hoy que dos personas murieron debido al continuo bombardeo ucraniano contra el territorio de la rep\u00fablica en las \u00faltimas 24 horas.<\/p>\n<p style=\"text-align: justify;\">De acuerdo a la oficina de representaci\u00f3n de la Rep\u00fablica en el Centro Conjunto para el Monitoreo y Coordinaci\u00f3n de Casos Relacionados con Cr\u00edmenes de Guerra en Ucrania, \u201clas fuerzas ucranianas atacaron la ciudad de Donetsk y sus suburbios con 219 cohetes y proyectiles durante las \u00faltimas 24 horas\u201d.<\/p>\n<p style=\"text-align: justify;\">\u201cEl atentado tambi\u00e9n mat\u00f3 a dos personas en la ciudad de Valnovakha y da\u00f1\u00f3 edificios residenciales e instalaciones de infraestructura y en la ciudad de Donetsk\u201d, concluy\u00f3.<\/p>\n<p style=\"text-align: justify;\"><em><strong>ah\/fm<\/strong><\/em><\/p>\n","protected":false},"excerpt":{"rendered":"<p>Donetsk, 20 ene (SANA) La Rep\u00fablica Popular de Donetsk anunci\u00f3 hoy que dos personas murieron debido al continuo bombardeo ucraniano contra el territorio de la rep\u00fablica en las \u00faltimas 24 horas. De acuerdo a la oficina de representaci\u00f3n de la Rep\u00fablica en el Centro Conjunto para el Monitoreo y Coordinaci\u00f3n de Casos Relacionados con Cr\u00edmenes &hellip;<\/p>\n","protected":false},"author":30,"featured_media":283599,"comment_status":"closed","ping_status":"closed","sticky":false,"template":"","format":"standard","meta":{"footnotes":""},"categories":[456,16687,20724],"tags":[],"class_list":["post-283598","post","type-post","status-publish","format-standard","has-post-thumbnail","","category-arabe-internacional-politica","category-internacionales","category-minuto-a-minuto"],"_links":{"self":[{"href":"https:\/\/archive.sana.sy\/es\/index.php?rest_route=\/wp\/v2\/posts\/283598"}],"collection":[{"href":"https:\/\/archive.sana.sy\/es\/index.php?rest_route=\/wp\/v2\/posts"}],"about":[{"href":"https:\/\/archive.sana.sy\/es\/index.php?rest_route=\/wp\/v2\/types\/post"}],"author":[{"embeddable":true,"href":"https:\/\/archive.sana.sy\/es\/index.php?rest_route=\/wp\/v2\/users\/30"}],"replies":[{"embeddable":true,"href":"https:\/\/archive.sana.sy\/es\/index.php?rest_route=%2Fwp%2Fv2%2Fcomments&post=283598"}],"version-history":[{"count":0,"href":"https:\/\/archive.sana.sy\/es\/index.php?rest_route=\/wp\/v2\/posts\/283598\/revisions"}],"wp:featuredmedia":[{"embeddable":true,"href":"https:\/\/archive.sana.sy\/es\/index.php?rest_route=\/wp\/v2\/media\/283599"}],"wp:attachment":[{"href":"https:\/\/archive.sana.sy\/es\/index.php?rest_route=%2Fwp%2Fv2%2Fmedia&parent=283598"}],"wp:term":[{"taxonomy":"category","embeddable":true,"href":"https:\/\/archive.sana.sy\/es\/index.php?rest_route=%2Fwp%2Fv2%2Fcategories&post=283598"},{"taxonomy":"post_tag","embeddable":true,"href":"https:\/\/archive.sana.sy\/es\/index.php?rest_route=%2Fwp%2Fv2%2Ftags&post=283598"}],"curies":[{"name":"wp","href":"https:\/\/api.w.org\/{rel}","templated":true}]}}