{"id":283678,"date":"2023-01-21T09:20:38","date_gmt":"2023-01-21T07:20:38","guid":{"rendered":"http:\/\/107.6.182.27\/es\/?p=283678"},"modified":"2023-01-21T09:20:38","modified_gmt":"2023-01-21T07:20:38","slug":"eeuu-sin-una-clara-estrategia-hacia-america-latina-pero-con-intereses-clave","status":"publish","type":"post","link":"https:\/\/archive.sana.sy\/es\/?p=283678","title":{"rendered":"EEUU, sin una clara estrategia hacia Am\u00e9rica Latina, pero con intereses clave"},"content":{"rendered":"<blockquote>\n<p style=\"text-align: justify;\"><span style=\"color: #800000;\"><em><strong>Se cumplen dos a\u00f1os desde que Joe Biden asumi\u00f3 el cargo de presidente de Estados Unidos. Hasta ahora, no hay se\u00f1ales de que su Administraci\u00f3n busque fortalecer las relaciones con una regi\u00f3n que es clave para su pa\u00eds: Am\u00e9rica Latina.<\/strong><\/em><\/span><\/p>\n<\/blockquote>\n<p style=\"text-align: justify;\"><strong>Damasco, 21 ene (SANA)<\/strong> El presidente de M\u00e9xico, Andr\u00e9s Manuel L\u00f3pez Obrador, en m\u00e1s de una ocasi\u00f3n ha invitado a su hom\u00f3logo estadounidense a consolidar de manera econ\u00f3mica a toda Am\u00e9rica para volverla autosuficiente. La petici\u00f3n, sin embargo, ha quedado en o\u00eddos sordos.<\/p>\n<p style=\"text-align: justify;\">&#8220;La propuesta es integral, implica consolidarnos como regi\u00f3n econ\u00f3mica en el mundo, fortalecer la hermandad en el continente americano, respetar nuestras diferencias y nuestras soberan\u00edas, y que nadie se quede atr\u00e1s&#8221;, dijo el mandatario mexicano al recibir a Biden durante la X Cumbre de L\u00edderes de Am\u00e9rica del Norte, realizada a inicios de enero.<\/p>\n<p style=\"text-align: justify;\">&#8220;Creo que la estrategia general de Joe Biden es regresar al multilateralismo y fortalecer las relaciones con sus aliados, pero no hay una estrategia precisa que vaya hacia Am\u00e9rica Latina&#8221;, opina la tambi\u00e9n investigadora del Centro de Investigaciones sobre Am\u00e9rica del Norte de la Universidad Nacional Aut\u00f3noma de M\u00e9xico (UNAM).<\/p>\n<p style=\"text-align: justify;\">En este mismo tenor se expres\u00f3 la doctora en Estudios Latinoamericanos por la UNAM Mar\u00eda Cristina Rosas en entrevista para Sputnik. La especialista considera que este desinter\u00e9s se observa incluso en M\u00e9xico, que, a pesar de ser un pa\u00eds &#8220;prominente para muchos temas&#8221;, en realidad &#8220;M\u00e9xico no est\u00e1 colocado en un nivel de prioridad alto en la pol\u00edtica mundial de EEUU, y el resto de Am\u00e9rica Latina, menos&#8221;.<\/p>\n<p style=\"text-align: justify;\">&#8220;No somos prioridad. Para Estados Unidos, hay otras regiones que resultan m\u00e1s prioritarias: Medio Oriente, Europa, Asia, pero Am\u00e9rica Latina es considerado un vecindario. Si bien es cierto para EEUU puede ser importante en diversas materias (fortalecimiento de la democracia, comercio, concertaci\u00f3n pol\u00edtica), la realidad es que la relaci\u00f3n est\u00e1 muy desdibujada&#8221;, opina la presidenta del Centro de An\u00e1lisis e Investigaci\u00f3n sobre Paz, Seguridad y Desarrollo Olof Palme AC.<\/p>\n<p style=\"text-align: justify;\">Parte del problema, sugiere la internacionalista, es que la regi\u00f3n no ha demostrado a EEUU &#8220;que tenemos muchas cosas a nuestro favor&#8221;, y a pesar de no ser &#8220;una regi\u00f3n tan violenta como Medio Oriente o como \u00c1frica&#8221;, &#8220;no hemos sabido captar la atenci\u00f3n de Estados Unidos&#8221;.<\/p>\n<p style=\"text-align: justify;\">La oportunidad de China<\/p>\n<p style=\"text-align: justify;\">Este desinter\u00e9s de parte de Washington ha permitido que Pek\u00edn se posicione como uno de los principales aliados estrat\u00e9gicos de Am\u00e9rica Latina, sobre todo de pa\u00edses como Costa Rica, Chile y Argentina, coinciden ambas especialistas.<\/p>\n<p style=\"text-align: justify;\">&#8220;China es el pa\u00eds que domina en el cono sur y eso habla de un declive de la influencia de Estados Unidos&#8221;, considera la doctora Mar\u00eda Cristina Rosas, quien califica al pa\u00eds as\u00e1tico como &#8220;un gigante al que EEUU no puede controlar&#8221;.<\/p>\n<p style=\"text-align: justify;\">&#8220;A quienes s\u00ed podr\u00edan controlar o sobre quienes podr\u00edan tener m\u00e1s influencia son los pa\u00edses latinoamericanos. pero a estas alturas creo que parece que Biden o EEUU tendr\u00e1n que bajar los brazos porque el peso o las consecuencias de haber dejado de poner atenci\u00f3n a Am\u00e9rica Latina lo estamos viendo ahorita, y China ha forjado relaciones ya muy estructuradas con la regi\u00f3n que va a ser dif\u00edcil desmantelar&#8221;, indica Rosas Gonz\u00e1lez.<\/p>\n<p style=\"text-align: justify;\">Desde 2013, Pek\u00edn ha dado un fuerte impulso a econom\u00edas de todo el mundo con la Iniciativa de la Franja y la Ruta, con la cual se espera la presencia de empresas chinas en 149 pa\u00edses, con un intercambio comercial cercano al 60% del PIB mundial, y que adem\u00e1s incluye proyectos de infraestructura patrocinados por China en los pa\u00edses que suscriben al acuerdo.<\/p>\n<p style=\"text-align: justify;\">En este sentido, Washington &#8220;no se est\u00e1n dando cuenta de la gran influencia que tiene China en la regi\u00f3n porque es una regi\u00f3n que da por sentada&#8221;, opina la doctora Estefan\u00eda Cruz. Esto a pesar de que, sostiene, algunos pa\u00edses latinoamericanos podr\u00edan ser clave para que Estados Unidos implemente el near shoring y reduzca su dependencia de las industrias chinas.<\/p>\n<p style=\"text-align: justify;\">Parte del distanciamiento entre Estados Unidos y Am\u00e9rica Latina tambi\u00e9n se explica por el apogeo de los Gobiernos de izquierda en la regi\u00f3n, los cuales &#8220;a veces no se acompasan con los proyectos que podr\u00eda tener Estados Unidos&#8221;, aunque tampoco entran en una confrontaci\u00f3n directa porque &#8220;la regi\u00f3n tambi\u00e9n siente cierto compromiso con el proyecto hegem\u00f3nico estadounidense&#8221;.<\/p>\n<p style=\"text-align: justify;\">&#8220;La izquierda latinoamericana ha cambiado much\u00edsimo su perspectiva hacia Estados Unidos: no es tan aguerrida como lo era antes. Sus reformas son m\u00e1s de car\u00e1cter social, de mejorar la calidad de vida, distribuir la riqueza, cosas que no necesariamente se confrontan con el proyecto hegem\u00f3nico de Estados Unidos&#8221;, se\u00f1ala la experta.<\/p>\n<p style=\"text-align: justify;\">Distanciamiento sin independencia<\/p>\n<p style=\"text-align: justify;\">Cruz Lera advierte que, pese al discurso, Estados Unidos a\u00fan mantiene un control e influencia importante en la regi\u00f3n, siendo M\u00e9xico el ejemplo m\u00e1s ilustrativo. Durante la reciente Cumbre de L\u00edderes de Am\u00e9rica del Norte, realizada en la Ciudad de M\u00e9xico, la Casa Blanca inform\u00f3 que se abrir\u00eda un centro de control migratorio en la frontera sur mexicana con capital privado, es decir, sin recursos del Gobierno de M\u00e9xico, algo que el presidente L\u00f3pez Obrador neg\u00f3 casi de inmediato.<\/p>\n<p style=\"text-align: justify;\">&#8220;\u00c9l [L\u00f3pez Obrador] puede decir que ya no depende de Estados Unidos, pero en el momento en que Estados Unidos presiona en materia comercial, en materia energ\u00e9tica, que amenazan con cerrar la frontera, que amenazan con deportaciones masivas, eso se convierte en un elemento de coerci\u00f3n. Y entonces los presidentes se quedan en el plano discursivo, pero en el plano de las acciones siguen dependiendo de las pol\u00edticas estadounidenses&#8221;, sostiene la especialista.<\/p>\n<p style=\"text-align: justify;\">El tema migratorio es una de las cr\u00edticas m\u00e1s duras que ha recibido Joe Biden, ya que, tras el levantamiento de las restricciones por COVID-19, y a pesar de seguir vigente el T\u00edtulo 42, los ingresos irregulares al territorio estadounidense han subido hasta sumar m\u00e1s de dos millones de migrantes detenidos durante el a\u00f1o fiscal 2022.<\/p>\n<p style=\"text-align: justify;\">Revistas como Foreign Policy advierten que el flujo de cubanos que llegan a Estados Unidos de manera ilegal ha superado los niveles vistos en el \u00c9xodo de Mariel, en 1980, y en la crisis de los Balseros de 1994, a pesar de que la mejora las relaciones bilaterales econ\u00f3micas con Cuba fue uno de los primeros compromisos que adopt\u00f3 Biden.<\/p>\n<p style=\"text-align: justify;\">&#8220;En Florida hay una maquinaria pol\u00edtica en contra del Gobierno cubano. Es tanto el poder pol\u00edtico, econ\u00f3mico y social que tienen los cubanos exiliados de la isla, que van a frenar todas las estrategias que provengan de la isla&#8221;, explica Estefan\u00eda Cruz.<\/p>\n<p style=\"text-align: justify;\">A esto se suma que, al ser un pa\u00eds considerado &#8220;enemigo&#8221; por su ideolog\u00eda pol\u00edtica, se complica el cabildeo interno para promover pol\u00edticas que favorezcan a Cuba, pese a que el propio Biden fue vicepresidente cuando Barack Obama decidi\u00f3 reanudar relaciones bilaterales, recuerda la investigadora Mar\u00eda Cristina Rosas.<\/p>\n<p style=\"text-align: justify;\">&#8220;Los consensos pol\u00edticos que Biden pueda gestionar al interior de Estados Unidos son como un grillete que le impide proyectar liderazgo en Am\u00e9rica Latina y el Caribe, y cuando se tocan temas de pol\u00edtica exterior, por ejemplo en el Congreso de Estados Unidos, la prioridad no somos nosotros, es Taiw\u00e1n, es Corea del Norte, es Ir\u00e1n, por supuesto Rusia, Ucrania, pero nosotros no figuramos&#8221;, se\u00f1ala Rosas Gonz\u00e1lez.<\/p>\n<p style=\"text-align: justify;\">Otro ejemplo de pa\u00edses &#8220;enemigos&#8221; con los que EEUU intenta negociar es Venezuela, donde aparentemente existe una intenci\u00f3n para reducir las sanciones impuestas al Gobierno de Nicol\u00e1s Maduro, con lo cual Washington podr\u00eda volver a comerciar con empresas energ\u00e9ticas venezolanas en un contexto de crisis energ\u00e9tica global.<\/p>\n<p style=\"text-align: justify;\">En este contexto, la doctora Estefan\u00eda Cruz considera que se trata de una visi\u00f3n &#8220;pragm\u00e1tica&#8221; que no implica un respaldo a Caracas, aun cuando Estados Unidos ya no apoya a los opositores liderados por figuras como Juan Guaid\u00f3.<\/p>\n<p style=\"text-align: justify;\">&#8220;Hay que ser muy claros con Estados Unidos, como lo han dicho en la historia sus presidentes: Estados Unidos no tiene amigos, Estados Unidos tiene socios&#8221;, recuerda la internacionalista mexicana.<\/p>\n<p style=\"text-align: justify;\">Por su parte, Mar\u00eda Cristina Rosas sugiere que &#8220;habr\u00e1 acercamientos m\u00e1s decisivos con Venezuela&#8221;, pero &#8220;todo va a depender de la coyuntura interna en EEUU&#8221;, pues, en la pr\u00e1ctica, Venezuela sigue siendo excluido como pa\u00eds democr\u00e1tico como ocurri\u00f3 en la \u00faltima Cumbre de las Am\u00e9ricas, realizada en junio pasado, y en la que el presidente L\u00f3pez Obrador se neg\u00f3 a participar precisamente por la ausencia de Caracas y pa\u00edses como Cuba y Nicaragua.<\/p>\n<p style=\"text-align: justify;\">Futuro de Am\u00e9rica Latina y EEUU<\/p>\n<p style=\"text-align: justify;\">Las proyecciones para el futuro de las relaciones entre la Casa Blanca y Am\u00e9rica Latina parecen centrarse en dos puntos: Colombia, que se convierte en uno de los socios m\u00e1s importantes para la Administraci\u00f3n Biden, y el litio, un mineral estrat\u00e9gico que cobrar\u00e1 relevancia en los siguientes a\u00f1os, afirma Estefan\u00eda Cruz.<\/p>\n<p style=\"text-align: justify;\">&#8220;Estados Unidos est\u00e1 muy interesado en el litio y M\u00e9xico tiene una estrategia para nacionalizar el litio, pero nosotros no podemos nacionalizar el litio sin pensar a qui\u00e9n le vamos a vender ese litio; no tenemos capacidades de extracci\u00f3n, capacidades de procesamiento del litio, de transformaci\u00f3n. No lo podemos transformar, por ejemplo, en bater\u00edas o en microconductores sin la dependencia de Estados Unidos&#8221;, advierte la acad\u00e9mica.<\/p>\n<p style=\"text-align: justify;\">Asimismo, observ\u00f3 que Washington podr\u00eda enfocarse en controlar el expansionismo chino, e incluso el europeo, para mantener a Estados Unidos como la figura econ\u00f3mica hegem\u00f3nica en Am\u00e9rica.<\/p>\n<p style=\"text-align: justify;\">&#8220;Creo que habr\u00e1 much\u00edsima presi\u00f3n por el lado de China, de evitar que Pek\u00edn tenga m\u00e1s control en la regi\u00f3n, de consolidarse comercialmente, de afianzar lo que son los recursos estrat\u00e9gicos para Estados Unidos que ya no solamente es el petr\u00f3leo: tambi\u00e9n est\u00e1n las tierras raras. Como sabemos, hay grandes yacimientos de minerales estrat\u00e9gicos en Bolivia, Per\u00fa y M\u00e9xico. Todav\u00eda hay intereses geopol\u00edticos en Am\u00e9rica Latina&#8221;, concluy\u00f3 Cruz Lera.<\/p>\n<p style=\"text-align: justify;\">En tanto, la doctora Mar\u00eda Cristina Rosas considera que el pron\u00f3stico es reservado en las relaciones entre EEUU y Am\u00e9rica Latina, ya que todo indica que Washington s\u00f3lo atender\u00e1 la regi\u00f3n cuando surja alguna crisis pol\u00edtica, como la ocurrida en Brasil, el pasado 8 de enero, cuando se intent\u00f3 un golpe de Estado en contra del presidente Luis Inacio Lula Da Silva, puesto que &#8220;Biden ha hecho del tema de la democracia un leitmotiv de su administraci\u00f3n&#8221; tras el asalto al Capitolio de 2021.<\/p>\n<p style=\"text-align: justify;\">&#8220;Al menos que ocurra una crisis como esa [la de Brasil] o peor, Estados Unidos no nos va a voltear a ver, y eso es malo&#8221;, opina la internacionalista, quien agrega que esto afectar\u00e1 a\u00fan m\u00e1s la p\u00e9rdida de liderazgo estadounidense en la regi\u00f3n, perceptible en la respuesta que dio durante la pandemia de COVID-19.<\/p>\n<p style=\"text-align: justify;\">&#8220;Si bien Estados Unidos dio algunos apoyos, no fue l\u00edder en la respuesta contra COVID. Nuestros pa\u00edses tuvieron que rascarse con sus u\u00f1as. China entr\u00f3 al quite, Rusia entr\u00f3 al quite, la verdad es que ah\u00ed Estados Unidos otra vez se vio muy disminuido y muy d\u00e9bil en su proyecci\u00f3n de liderazgo ante una ventana de oportunidad que fue la pandemia&#8221;, concluye Rosas Gonz\u00e1lez.<\/p>\n<p style=\"text-align: justify;\">Fuente: Sputnik<\/p>\n","protected":false},"excerpt":{"rendered":"<p>Se cumplen dos a\u00f1os desde que Joe Biden asumi\u00f3 el cargo de presidente de Estados Unidos. Hasta ahora, no hay se\u00f1ales de que su Administraci\u00f3n busque fortalecer las relaciones con una regi\u00f3n que es clave para su pa\u00eds: Am\u00e9rica Latina. Damasco, 21 ene (SANA) El presidente de M\u00e9xico, Andr\u00e9s Manuel L\u00f3pez Obrador, en m\u00e1s de &hellip;<\/p>\n","protected":false},"author":39,"featured_media":283679,"comment_status":"closed","ping_status":"closed","sticky":false,"template":"","format":"standard","meta":{"footnotes":""},"categories":[16929,597,456,16687,7541],"tags":[],"class_list":["post-283678","post","type-post","status-publish","format-standard","has-post-thumbnail","","category-articulos-de-opinion","category-cinta-de-noticias","category-arabe-internacional-politica","category-internacionales","category-ultimas-noticias"],"_links":{"self":[{"href":"https:\/\/archive.sana.sy\/es\/index.php?rest_route=\/wp\/v2\/posts\/283678"}],"collection":[{"href":"https:\/\/archive.sana.sy\/es\/index.php?rest_route=\/wp\/v2\/posts"}],"about":[{"href":"https:\/\/archive.sana.sy\/es\/index.php?rest_route=\/wp\/v2\/types\/post"}],"author":[{"embeddable":true,"href":"https:\/\/archive.sana.sy\/es\/index.php?rest_route=\/wp\/v2\/users\/39"}],"replies":[{"embeddable":true,"href":"https:\/\/archive.sana.sy\/es\/index.php?rest_route=%2Fwp%2Fv2%2Fcomments&post=283678"}],"version-history":[{"count":0,"href":"https:\/\/archive.sana.sy\/es\/index.php?rest_route=\/wp\/v2\/posts\/283678\/revisions"}],"wp:featuredmedia":[{"embeddable":true,"href":"https:\/\/archive.sana.sy\/es\/index.php?rest_route=\/wp\/v2\/media\/283679"}],"wp:attachment":[{"href":"https:\/\/archive.sana.sy\/es\/index.php?rest_route=%2Fwp%2Fv2%2Fmedia&parent=283678"}],"wp:term":[{"taxonomy":"category","embeddable":true,"href":"https:\/\/archive.sana.sy\/es\/index.php?rest_route=%2Fwp%2Fv2%2Fcategories&post=283678"},{"taxonomy":"post_tag","embeddable":true,"href":"https:\/\/archive.sana.sy\/es\/index.php?rest_route=%2Fwp%2Fv2%2Ftags&post=283678"}],"curies":[{"name":"wp","href":"https:\/\/api.w.org\/{rel}","templated":true}]}}