{"id":283688,"date":"2023-01-21T10:12:19","date_gmt":"2023-01-21T08:12:19","guid":{"rendered":"http:\/\/107.6.182.27\/es\/?p=283688"},"modified":"2023-01-21T10:12:19","modified_gmt":"2023-01-21T08:12:19","slug":"china-aumenta-a-28-el-numero-de-muertos-por-una-avalancha-en-el-tibet","status":"publish","type":"post","link":"https:\/\/archive.sana.sy\/es\/?p=283688","title":{"rendered":"China: Aumenta a 28 el n\u00famero de muertos por una avalancha en el T\u00edbet"},"content":{"rendered":"<p style=\"text-align: justify;\"><span style=\"color: #800000;\"><strong>Pek\u00edn, 21 ene (SANA)\u00a0<\/strong><\/span> Las autoridades chinas dijeron que el n\u00famero de v\u00edctimas de la avalancha que se produjo en la ciudad de Ningchi, en la regi\u00f3n tibetana, suroeste de China, ascendi\u00f3 a 28 personas.<\/p>\n<p style=\"text-align: justify;\">Las autoridades, citadas por Xinhua, anunci\u00f3 que al menos 28 personas murieron en una avalancha en la ciudad de Ningchi y que las operaciones de rescate hab\u00edan terminado.<\/p>\n<p style=\"text-align: justify;\">El Global Times, citando a un funcionario del gobierno local en la regi\u00f3n occidental del pa\u00eds, difundi\u00f3 que se encontraron 53 sobrevivientes, cinco de los cuales resultaron gravemente heridos.<\/p>\n<p style=\"text-align: justify;\">sm<\/p>\n","protected":false},"excerpt":{"rendered":"<p>Pek\u00edn, 21 ene (SANA)\u00a0 Las autoridades chinas dijeron que el n\u00famero de v\u00edctimas de la avalancha que se produjo en la ciudad de Ningchi, en la regi\u00f3n tibetana, suroeste de China, ascendi\u00f3 a 28 personas. Las autoridades, citadas por Xinhua, anunci\u00f3 que al menos 28 personas murieron en una avalancha en la ciudad de Ningchi &hellip;<\/p>\n","protected":false},"author":39,"featured_media":283689,"comment_status":"closed","ping_status":"closed","sticky":false,"template":"","format":"standard","meta":{"footnotes":""},"categories":[597,456,16687,20724],"tags":[],"class_list":["post-283688","post","type-post","status-publish","format-standard","has-post-thumbnail","","category-cinta-de-noticias","category-arabe-internacional-politica","category-internacionales","category-minuto-a-minuto"],"_links":{"self":[{"href":"https:\/\/archive.sana.sy\/es\/index.php?rest_route=\/wp\/v2\/posts\/283688"}],"collection":[{"href":"https:\/\/archive.sana.sy\/es\/index.php?rest_route=\/wp\/v2\/posts"}],"about":[{"href":"https:\/\/archive.sana.sy\/es\/index.php?rest_route=\/wp\/v2\/types\/post"}],"author":[{"embeddable":true,"href":"https:\/\/archive.sana.sy\/es\/index.php?rest_route=\/wp\/v2\/users\/39"}],"replies":[{"embeddable":true,"href":"https:\/\/archive.sana.sy\/es\/index.php?rest_route=%2Fwp%2Fv2%2Fcomments&post=283688"}],"version-history":[{"count":0,"href":"https:\/\/archive.sana.sy\/es\/index.php?rest_route=\/wp\/v2\/posts\/283688\/revisions"}],"wp:featuredmedia":[{"embeddable":true,"href":"https:\/\/archive.sana.sy\/es\/index.php?rest_route=\/wp\/v2\/media\/283689"}],"wp:attachment":[{"href":"https:\/\/archive.sana.sy\/es\/index.php?rest_route=%2Fwp%2Fv2%2Fmedia&parent=283688"}],"wp:term":[{"taxonomy":"category","embeddable":true,"href":"https:\/\/archive.sana.sy\/es\/index.php?rest_route=%2Fwp%2Fv2%2Fcategories&post=283688"},{"taxonomy":"post_tag","embeddable":true,"href":"https:\/\/archive.sana.sy\/es\/index.php?rest_route=%2Fwp%2Fv2%2Ftags&post=283688"}],"curies":[{"name":"wp","href":"https:\/\/api.w.org\/{rel}","templated":true}]}}