{"id":283691,"date":"2023-01-21T10:29:48","date_gmt":"2023-01-21T08:29:48","guid":{"rendered":"http:\/\/107.6.182.27\/es\/?p=283691"},"modified":"2023-01-21T10:30:03","modified_gmt":"2023-01-21T08:30:03","slug":"la-armada-de-eeuu-admite-la-muerte-de-uno-de-sus-exmiembros-en-ucrania","status":"publish","type":"post","link":"https:\/\/archive.sana.sy\/es\/?p=283691","title":{"rendered":"La Armada de EE.UU admite la muerte de uno de sus exmiembros en Ucrania"},"content":{"rendered":"<p style=\"text-align: justify;\"><span style=\"color: #800000;\"><strong>Washington, 21 ene (SANA)\u00a0<\/strong> <\/span>La Marina de los EE. UU. reconoci\u00f3 la muerte de uno de sus soldados en Ucrania quien era miembro en una unidad de comando de \u00e9lite y abandon\u00f3 su trabajo en 2019.<\/p>\n<p style=\"text-align: justify;\">AFP, citando al portavoz de la Marina de los EE. UU, difundi\u00f3 que el militar, Daniel Whitney Swift, muri\u00f3 en Ucrania cerca de Dnipro el 18 de este mes, sin dar m\u00e1s informaci\u00f3n al respecto.<\/p>\n<p style=\"text-align: justify;\">El Ministerio de Defensa ruso revel\u00f3 en varias ocasiones que el r\u00e9gimen de Kiev hab\u00eda reclutado a miles de mercenarios de muchos pa\u00edses, y se\u00f1al\u00f3 que las fuerzas rusas, durante su operaci\u00f3n militar para proteger a la poblaci\u00f3n de Donb\u00e1s, eliminaron a un gran n\u00famero de ellos.<\/p>\n<p style=\"text-align: justify;\">sm<\/p>\n","protected":false},"excerpt":{"rendered":"<p>Washington, 21 ene (SANA)\u00a0 La Marina de los EE. UU. reconoci\u00f3 la muerte de uno de sus soldados en Ucrania quien era miembro en una unidad de comando de \u00e9lite y abandon\u00f3 su trabajo en 2019. AFP, citando al portavoz de la Marina de los EE. UU, difundi\u00f3 que el militar, Daniel Whitney Swift, muri\u00f3 &hellip;<\/p>\n","protected":false},"author":39,"featured_media":283692,"comment_status":"closed","ping_status":"closed","sticky":false,"template":"","format":"standard","meta":{"footnotes":""},"categories":[597,456,16687,20724,7541],"tags":[],"class_list":["post-283691","post","type-post","status-publish","format-standard","has-post-thumbnail","","category-cinta-de-noticias","category-arabe-internacional-politica","category-internacionales","category-minuto-a-minuto","category-ultimas-noticias"],"_links":{"self":[{"href":"https:\/\/archive.sana.sy\/es\/index.php?rest_route=\/wp\/v2\/posts\/283691"}],"collection":[{"href":"https:\/\/archive.sana.sy\/es\/index.php?rest_route=\/wp\/v2\/posts"}],"about":[{"href":"https:\/\/archive.sana.sy\/es\/index.php?rest_route=\/wp\/v2\/types\/post"}],"author":[{"embeddable":true,"href":"https:\/\/archive.sana.sy\/es\/index.php?rest_route=\/wp\/v2\/users\/39"}],"replies":[{"embeddable":true,"href":"https:\/\/archive.sana.sy\/es\/index.php?rest_route=%2Fwp%2Fv2%2Fcomments&post=283691"}],"version-history":[{"count":0,"href":"https:\/\/archive.sana.sy\/es\/index.php?rest_route=\/wp\/v2\/posts\/283691\/revisions"}],"wp:featuredmedia":[{"embeddable":true,"href":"https:\/\/archive.sana.sy\/es\/index.php?rest_route=\/wp\/v2\/media\/283692"}],"wp:attachment":[{"href":"https:\/\/archive.sana.sy\/es\/index.php?rest_route=%2Fwp%2Fv2%2Fmedia&parent=283691"}],"wp:term":[{"taxonomy":"category","embeddable":true,"href":"https:\/\/archive.sana.sy\/es\/index.php?rest_route=%2Fwp%2Fv2%2Fcategories&post=283691"},{"taxonomy":"post_tag","embeddable":true,"href":"https:\/\/archive.sana.sy\/es\/index.php?rest_route=%2Fwp%2Fv2%2Ftags&post=283691"}],"curies":[{"name":"wp","href":"https:\/\/api.w.org\/{rel}","templated":true}]}}