{"id":283711,"date":"2023-01-21T20:00:08","date_gmt":"2023-01-21T18:00:08","guid":{"rendered":"http:\/\/107.6.182.27\/es\/?p=283711"},"modified":"2023-01-21T21:00:57","modified_gmt":"2023-01-21T19:00:57","slug":"presidente-de-senegal-deseamos-fortalecer-las-relaciones-bilaterales-con-siria-en-varios-campos","status":"publish","type":"post","link":"https:\/\/archive.sana.sy\/es\/?p=283711","title":{"rendered":"Presidente de Senegal: Deseamos fortalecer las relaciones bilaterales con Siria"},"content":{"rendered":"<blockquote><p><span style=\"color: #800000;\"><em><strong>Al recibir las cartas credenciales de Khaldoun Adnan Zafranji, embajador extraordinario y plenipotenciario de Siria en Senegal, el mandatario senegal\u00e9s expres\u00f3 sus deseos de seguridad y estabilidad para Siria.<\/strong><\/em><\/span><\/p><\/blockquote>\n<p style=\"text-align: justify;\"><span style=\"color: #000000;\"><strong>Dakar, 21 ene (SANA)\u00a0<\/strong> <\/span>El presidente de la Rep\u00fablica de Senegal, Macky Sall, manifest\u00f3 el deseo de su pa\u00eds de fortalecer las relaciones bilaterales con Siria en varios campos.<\/p>\n<p style=\"text-align: justify;\">Al recibir las cartas credenciales de Khaldoun Adnan Zafranji, embajador extraordinario y plenipotenciario de Siria en Senegal, el mandatario senegal\u00e9s expres\u00f3 sus deseos de seguridad y estabilidad para Siria.<\/p>\n<p style=\"text-align: justify;\">Asimismo enfatiz\u00f3 la importancia de fortalecer y desarrollar las relaciones bilaterales entre los dos pa\u00edses.<\/p>\n<p style=\"text-align: justify;\">Por su parte, el embajador Zafranji destac\u00f3 el inter\u00e9s de Damasco de desarrollar la cooperaci\u00f3n bilateral con Dakar en varios campos, anhelando m\u00e1s progreso y prosperidad para Senegal y su pueblo.<\/p>\n<p style=\"text-align: justify;\">sm\/fm<\/p>\n","protected":false},"excerpt":{"rendered":"<p>Al recibir las cartas credenciales de Khaldoun Adnan Zafranji, embajador extraordinario y plenipotenciario de Siria en Senegal, el mandatario senegal\u00e9s expres\u00f3 sus deseos de seguridad y estabilidad para Siria. Dakar, 21 ene (SANA)\u00a0 El presidente de la Rep\u00fablica de Senegal, Macky Sall, manifest\u00f3 el deseo de su pa\u00eds de fortalecer las relaciones bilaterales con Siria &hellip;<\/p>\n","protected":false},"author":39,"featured_media":283712,"comment_status":"closed","ping_status":"closed","sticky":false,"template":"","format":"standard","meta":{"footnotes":""},"categories":[447,477,597,20724,476,467,7541],"tags":[],"class_list":["post-283711","post","type-post","status-publish","format-standard","has-post-thumbnail","","category-local-politica","category-noticias-edulcorantes","category-cinta-de-noticias","category-minuto-a-minuto","category-locales","category-siria-y-el-mundo","category-ultimas-noticias"],"_links":{"self":[{"href":"https:\/\/archive.sana.sy\/es\/index.php?rest_route=\/wp\/v2\/posts\/283711"}],"collection":[{"href":"https:\/\/archive.sana.sy\/es\/index.php?rest_route=\/wp\/v2\/posts"}],"about":[{"href":"https:\/\/archive.sana.sy\/es\/index.php?rest_route=\/wp\/v2\/types\/post"}],"author":[{"embeddable":true,"href":"https:\/\/archive.sana.sy\/es\/index.php?rest_route=\/wp\/v2\/users\/39"}],"replies":[{"embeddable":true,"href":"https:\/\/archive.sana.sy\/es\/index.php?rest_route=%2Fwp%2Fv2%2Fcomments&post=283711"}],"version-history":[{"count":0,"href":"https:\/\/archive.sana.sy\/es\/index.php?rest_route=\/wp\/v2\/posts\/283711\/revisions"}],"wp:featuredmedia":[{"embeddable":true,"href":"https:\/\/archive.sana.sy\/es\/index.php?rest_route=\/wp\/v2\/media\/283712"}],"wp:attachment":[{"href":"https:\/\/archive.sana.sy\/es\/index.php?rest_route=%2Fwp%2Fv2%2Fmedia&parent=283711"}],"wp:term":[{"taxonomy":"category","embeddable":true,"href":"https:\/\/archive.sana.sy\/es\/index.php?rest_route=%2Fwp%2Fv2%2Fcategories&post=283711"},{"taxonomy":"post_tag","embeddable":true,"href":"https:\/\/archive.sana.sy\/es\/index.php?rest_route=%2Fwp%2Fv2%2Ftags&post=283711"}],"curies":[{"name":"wp","href":"https:\/\/api.w.org\/{rel}","templated":true}]}}