{"id":283720,"date":"2023-01-21T13:22:00","date_gmt":"2023-01-21T11:22:00","guid":{"rendered":"http:\/\/107.6.182.27\/es\/?p=283720"},"modified":"2023-01-21T13:22:00","modified_gmt":"2023-01-21T11:22:00","slug":"manifestacion-masiva-en-berlin-en-rechazo-al-suministro-de-armas-a-kiev-por-parte-de-la-otan","status":"publish","type":"post","link":"https:\/\/archive.sana.sy\/es\/?p=283720","title":{"rendered":"Manifestaci\u00f3n masiva en Berl\u00edn en rechazo al suministro de armas a Kiev por parte de la OTAN"},"content":{"rendered":"<p style=\"text-align: justify;\"><span style=\"color: #800000;\"><strong>Berl\u00edn, 21 ene (SANA)\u00a0<\/strong><\/span> Berl\u00edn, la capital alemana, fue testigo de una multitudinaria manifestaci\u00f3n contra el suministro de armamento pesado al r\u00e9gimen ucraniano, y para protestar contra la celebraci\u00f3n de una reuni\u00f3n del llamado Grupo de Contacto de Apoyo a Ucrania de la OTAN, en la base \u201cAmerican Ramstein\u201d en Berl\u00edn.<\/p>\n<p style=\"text-align: justify;\">RIA Novosti inform\u00f3 que los manifestantes se reunieron en la plaza principal de Berl\u00edn, y luego se dirigieron a la embajada de EE.UU. correando consignas como \u201cNo a los Tanques en Ucrania\u201d.<\/p>\n<p style=\"text-align: justify;\">Izaron pancartas con frases como \u201cEsta es una guerra estadounidense contra Alemania&#8221; y &#8220;Busquen la paz sin armas&#8221;.<\/p>\n<p style=\"text-align: justify;\">Los manifestantes pidieron acelerar las negociaciones con Rusia y adoptar la diplomacia, en lugar del suministro de tanques y armas pesadas al r\u00e9gimen de Kiev.<\/p>\n<p style=\"text-align: justify;\">fm\/sm<\/p>\n","protected":false},"excerpt":{"rendered":"<p>Berl\u00edn, 21 ene (SANA)\u00a0 Berl\u00edn, la capital alemana, fue testigo de una multitudinaria manifestaci\u00f3n contra el suministro de armamento pesado al r\u00e9gimen ucraniano, y para protestar contra la celebraci\u00f3n de una reuni\u00f3n del llamado Grupo de Contacto de Apoyo a Ucrania de la OTAN, en la base \u201cAmerican Ramstein\u201d en Berl\u00edn. RIA Novosti inform\u00f3 que &hellip;<\/p>\n","protected":false},"author":39,"featured_media":283721,"comment_status":"closed","ping_status":"closed","sticky":false,"template":"","format":"standard","meta":{"footnotes":""},"categories":[597,456,16687,20724,7541],"tags":[],"class_list":["post-283720","post","type-post","status-publish","format-standard","has-post-thumbnail","","category-cinta-de-noticias","category-arabe-internacional-politica","category-internacionales","category-minuto-a-minuto","category-ultimas-noticias"],"_links":{"self":[{"href":"https:\/\/archive.sana.sy\/es\/index.php?rest_route=\/wp\/v2\/posts\/283720"}],"collection":[{"href":"https:\/\/archive.sana.sy\/es\/index.php?rest_route=\/wp\/v2\/posts"}],"about":[{"href":"https:\/\/archive.sana.sy\/es\/index.php?rest_route=\/wp\/v2\/types\/post"}],"author":[{"embeddable":true,"href":"https:\/\/archive.sana.sy\/es\/index.php?rest_route=\/wp\/v2\/users\/39"}],"replies":[{"embeddable":true,"href":"https:\/\/archive.sana.sy\/es\/index.php?rest_route=%2Fwp%2Fv2%2Fcomments&post=283720"}],"version-history":[{"count":0,"href":"https:\/\/archive.sana.sy\/es\/index.php?rest_route=\/wp\/v2\/posts\/283720\/revisions"}],"wp:featuredmedia":[{"embeddable":true,"href":"https:\/\/archive.sana.sy\/es\/index.php?rest_route=\/wp\/v2\/media\/283721"}],"wp:attachment":[{"href":"https:\/\/archive.sana.sy\/es\/index.php?rest_route=%2Fwp%2Fv2%2Fmedia&parent=283720"}],"wp:term":[{"taxonomy":"category","embeddable":true,"href":"https:\/\/archive.sana.sy\/es\/index.php?rest_route=%2Fwp%2Fv2%2Fcategories&post=283720"},{"taxonomy":"post_tag","embeddable":true,"href":"https:\/\/archive.sana.sy\/es\/index.php?rest_route=%2Fwp%2Fv2%2Ftags&post=283720"}],"curies":[{"name":"wp","href":"https:\/\/api.w.org\/{rel}","templated":true}]}}