{"id":283723,"date":"2023-01-21T13:23:42","date_gmt":"2023-01-21T11:23:42","guid":{"rendered":"http:\/\/107.6.182.27\/es\/?p=283723"},"modified":"2023-01-21T13:26:31","modified_gmt":"2023-01-21T11:26:31","slug":"las-fuerzas-rusas-rompen-la-primera-linea-de-defensa-del-ejercito-ucraniano-en-zaporozhie","status":"publish","type":"post","link":"https:\/\/archive.sana.sy\/es\/?p=283723","title":{"rendered":"Las fuerzas rusas rompen la primera l\u00ednea de defensa del ej\u00e9rcito ucraniano en Zaporozhie"},"content":{"rendered":"<blockquote>\n<p style=\"text-align: justify;\"><strong><em><span style=\"color: #800000;\">El ej\u00e9rcito ruso avanz\u00f3 7 km en un d\u00eda en direcci\u00f3n a Zaporozhie, agreg\u00f3.<\/span><\/em><\/strong><\/p>\n<\/blockquote>\n<p style=\"text-align: justify;\"><strong>Mosc\u00fa, 21 ene (SANA)<\/strong> El jefe del movimiento \u201cEstamos con Rusia\u201d, Vladimir Rogov, anunci\u00f3 que las fuerzas rusas lograron romper y penetrar la primera l\u00ednea de defensa de las fuerzas ucranianas en ciertos sectores de la regi\u00f3n de Zaporozhie.<\/p>\n<p style=\"text-align: justify;\">La agencia Novosti cit\u00f3 a Rogov, el miembro del Consejo Principal de la regi\u00f3n de Zaporozhie, diciendo que \u201chay batallas en curso en la regi\u00f3n, acompa\u00f1adas por un avance de las fuerzas rusas y la liberaci\u00f3n de varias posiciones a lo largo de toda la l\u00ednea del frente.<\/p>\n<p style=\"text-align: justify;\">El ej\u00e9rcito ruso avanz\u00f3 7 km en un d\u00eda en direcci\u00f3n a Zaporozhie, agreg\u00f3.<\/p>\n<p style=\"text-align: justify;\">Se\u00f1al\u00f3 que las fuerzas ucranianas tienen escasez de proyectiles y ca\u00f1ones.<\/p>\n<p style=\"text-align: justify;\">\n","protected":false},"excerpt":{"rendered":"<p>El ej\u00e9rcito ruso avanz\u00f3 7 km en un d\u00eda en direcci\u00f3n a Zaporozhie, agreg\u00f3. Mosc\u00fa, 21 ene (SANA) El jefe del movimiento \u201cEstamos con Rusia\u201d, Vladimir Rogov, anunci\u00f3 que las fuerzas rusas lograron romper y penetrar la primera l\u00ednea de defensa de las fuerzas ucranianas en ciertos sectores de la regi\u00f3n de Zaporozhie. La agencia &hellip;<\/p>\n","protected":false},"author":39,"featured_media":283724,"comment_status":"closed","ping_status":"closed","sticky":false,"template":"","format":"standard","meta":{"footnotes":""},"categories":[597,456,16687,20724,7541],"tags":[],"class_list":["post-283723","post","type-post","status-publish","format-standard","has-post-thumbnail","","category-cinta-de-noticias","category-arabe-internacional-politica","category-internacionales","category-minuto-a-minuto","category-ultimas-noticias"],"_links":{"self":[{"href":"https:\/\/archive.sana.sy\/es\/index.php?rest_route=\/wp\/v2\/posts\/283723"}],"collection":[{"href":"https:\/\/archive.sana.sy\/es\/index.php?rest_route=\/wp\/v2\/posts"}],"about":[{"href":"https:\/\/archive.sana.sy\/es\/index.php?rest_route=\/wp\/v2\/types\/post"}],"author":[{"embeddable":true,"href":"https:\/\/archive.sana.sy\/es\/index.php?rest_route=\/wp\/v2\/users\/39"}],"replies":[{"embeddable":true,"href":"https:\/\/archive.sana.sy\/es\/index.php?rest_route=%2Fwp%2Fv2%2Fcomments&post=283723"}],"version-history":[{"count":0,"href":"https:\/\/archive.sana.sy\/es\/index.php?rest_route=\/wp\/v2\/posts\/283723\/revisions"}],"wp:featuredmedia":[{"embeddable":true,"href":"https:\/\/archive.sana.sy\/es\/index.php?rest_route=\/wp\/v2\/media\/283724"}],"wp:attachment":[{"href":"https:\/\/archive.sana.sy\/es\/index.php?rest_route=%2Fwp%2Fv2%2Fmedia&parent=283723"}],"wp:term":[{"taxonomy":"category","embeddable":true,"href":"https:\/\/archive.sana.sy\/es\/index.php?rest_route=%2Fwp%2Fv2%2Fcategories&post=283723"},{"taxonomy":"post_tag","embeddable":true,"href":"https:\/\/archive.sana.sy\/es\/index.php?rest_route=%2Fwp%2Fv2%2Ftags&post=283723"}],"curies":[{"name":"wp","href":"https:\/\/api.w.org\/{rel}","templated":true}]}}