{"id":28374,"date":"2015-08-15T16:32:38","date_gmt":"2015-08-15T13:32:38","guid":{"rendered":"http:\/\/sana.sy\/es\/?p=28374"},"modified":"2015-08-15T17:02:29","modified_gmt":"2015-08-15T14:02:29","slug":"iglesias-sirias-celebran-la-asuncion-de-la-santisima-virgen-maria","status":"publish","type":"post","link":"https:\/\/archive.sana.sy\/es\/?p=28374","title":{"rendered":"Iglesias sirias celebran la Asunci\u00f3n de la Sant\u00edsima Virgen Mar\u00eda"},"content":{"rendered":"<p><span style=\"color: #800000\">Provincias, SANA<\/span><\/p>\n<p>Las iglesias de Siria y del mundo han oficiado este s\u00e1bado misas con motivo de la fiesta la Asunci\u00f3n de la Sant\u00edsima Virgen Mar\u00eda en cuerpo y alma al Cielo.<\/p>\n<p>En la capital siria, el patriarca de Antioqu\u00eda y todo el Oriente para los greco-cat\u00f3licos melquitas, Gregorious III Laham encabez\u00f3 una misa y una ceremonia religiosa en la iglesia de Sayidat al-Niyah en el barrio de al-Zaitun situado en el casco antiguo de Damasco.<\/p>\n<p>En un mensaje le\u00edda ante los creyentes, el patriarca Laham dirigi\u00f3 un llamamiento a los presidentes de los pa\u00edses cristianos para que jueguen el papel de pacificadores, y expres\u00f3 sus esperanzas en que los pa\u00edses del mundo a\u00fanen esfuerzos para detener las guerras desencadenadas en Oriente Medio, especialmente en Palestina, Siria, Irak e Yemen.<\/p>\n<p>En el mismo contexto, miles de vecinos de la ciudad nororiental de Qamishli participaron en un carnaval organizado por la iglesia de los siriacos-ortodoxos con motivo de esta sant\u00edsima fiesta.<\/p>\n<p>Los creyentes reiteraron su apego a la patria y su confianza en la capacidad de Siria de vencer a sus enemigos gracias a los sacrificios de sus h\u00e9roes soldados.<\/p>\n<p>&nbsp;<\/p>\n<p>Lynn A.<\/p>\n","protected":false},"excerpt":{"rendered":"<p>Provincias, SANA Las iglesias de Siria y del mundo han oficiado este s\u00e1bado misas con motivo de la fiesta la Asunci\u00f3n de la Sant\u00edsima Virgen Mar\u00eda en cuerpo y alma al Cielo. En la capital siria, el patriarca de Antioqu\u00eda y todo el Oriente para los greco-cat\u00f3licos melquitas, Gregorious III Laham encabez\u00f3 una misa y &hellip;<\/p>\n","protected":false},"author":24,"featured_media":28375,"comment_status":"closed","ping_status":"closed","sticky":false,"template":"","format":"standard","meta":{"footnotes":""},"categories":[477,476],"tags":[6316],"class_list":["post-28374","post","type-post","status-publish","format-standard","has-post-thumbnail","","category-noticias-edulcorantes","category-locales","tag-iglesias-sirias-celebran-la-asuncion-de-la-santisima-virgen-maria"],"_links":{"self":[{"href":"https:\/\/archive.sana.sy\/es\/index.php?rest_route=\/wp\/v2\/posts\/28374"}],"collection":[{"href":"https:\/\/archive.sana.sy\/es\/index.php?rest_route=\/wp\/v2\/posts"}],"about":[{"href":"https:\/\/archive.sana.sy\/es\/index.php?rest_route=\/wp\/v2\/types\/post"}],"author":[{"embeddable":true,"href":"https:\/\/archive.sana.sy\/es\/index.php?rest_route=\/wp\/v2\/users\/24"}],"replies":[{"embeddable":true,"href":"https:\/\/archive.sana.sy\/es\/index.php?rest_route=%2Fwp%2Fv2%2Fcomments&post=28374"}],"version-history":[{"count":0,"href":"https:\/\/archive.sana.sy\/es\/index.php?rest_route=\/wp\/v2\/posts\/28374\/revisions"}],"wp:featuredmedia":[{"embeddable":true,"href":"https:\/\/archive.sana.sy\/es\/index.php?rest_route=\/wp\/v2\/media\/28375"}],"wp:attachment":[{"href":"https:\/\/archive.sana.sy\/es\/index.php?rest_route=%2Fwp%2Fv2%2Fmedia&parent=28374"}],"wp:term":[{"taxonomy":"category","embeddable":true,"href":"https:\/\/archive.sana.sy\/es\/index.php?rest_route=%2Fwp%2Fv2%2Fcategories&post=28374"},{"taxonomy":"post_tag","embeddable":true,"href":"https:\/\/archive.sana.sy\/es\/index.php?rest_route=%2Fwp%2Fv2%2Ftags&post=28374"}],"curies":[{"name":"wp","href":"https:\/\/api.w.org\/{rel}","templated":true}]}}