{"id":283740,"date":"2023-01-21T14:09:33","date_gmt":"2023-01-21T12:09:33","guid":{"rendered":"http:\/\/107.6.182.27\/es\/?p=283740"},"modified":"2023-01-21T14:09:38","modified_gmt":"2023-01-21T12:09:38","slug":"llamamiento-mundial-en-apoyo-al-pueblo-peruano","status":"publish","type":"post","link":"https:\/\/archive.sana.sy\/es\/?p=283740","title":{"rendered":"Llamamiento mundial en apoyo al pueblo peruano"},"content":{"rendered":"<blockquote>\n<p style=\"text-align: justify;\"><em><span style=\"color: #800000;\"><strong>El Movimiento Po\u00e9tico Mundial (WPM), con presencia en m\u00e1s de 150 pa\u00edses de todo el mundo expresa su solidaridad con el pueblo peruano, que viene dando una dura pelea para que se respeten los designios que resultaron triunfadores en las \u00faltimas elecciones democr\u00e1ticas.<\/strong><\/span><\/em><\/p>\n<\/blockquote>\n<p style=\"text-align: justify;\"><strong>Damasco, 21 ene (SANA)<\/strong> El Movimiento Po\u00e9tico Mundial (WPM), con presencia en m\u00e1s de 150 pa\u00edses de todo el mundo, convencido de que la poes\u00eda tambi\u00e9n es un instrumento de paz y que se pone del lado de los sue\u00f1os y anhelos de bienestar social de los pueblos, expresa su solidaridad con el pueblo peruano, que viene dando una dura pelea para que se respeten los designios que resultaron triunfadores en las \u00faltimas elecciones democr\u00e1ticas, es decir una voluntad de cambio social en favor de las inmensas mayor\u00edas de desfavorecidos, y que hoy las facciones de derecha y ultraderecha, mayoritarias en el Congreso, han torcido, copando tambi\u00e9n el Poder Ejecutivo.<\/p>\n<p style=\"text-align: justify;\">El WPM expresa su total apoyo al pueblo peruano en su lucha contra el neofascismo y la opresi\u00f3n. El neofascismo es una amenaza para la democracia y los derechos humanos, y es esencial que los poetas y el pueblo trabajemos juntos para combatirlo y defender la justicia y la igualdad para todos.<\/p>\n<p style=\"text-align: justify;\">El pueblo peruano tiene derecho a vivir en un pa\u00eds libre de opresi\u00f3n y violencia, y los poetas de todo el mundo debemos estar a su lado en esta lucha.<\/p>\n<p style=\"text-align: justify;\">Por tanto CONDENAMOS EL ASESINATO de m\u00e1s de 50 peruanos, que participaban en las manifestaciones recientes, y pedimos el CESE INMEDIATO de la violencia contra el pueblo, y la investigaci\u00f3n y castigo a los culpables.<\/p>\n<p style=\"text-align: justify;\">El WPM respalda las acciones del pueblo y nos sumamos a su lucha que es la lucha hist\u00f3rica de todos nuestros pueblos en contra de la segregaci\u00f3n, la corrupci\u00f3n y todo tipo de opresi\u00f3n social.<\/p>\n<p style=\"text-align: justify;\">Por tanto hacemos un crucial y justo llamado para el inmediato cese de toda forma de opresi\u00f3n y la vigencia irrestricta de la paz en la sociedad peruana.<\/p>\n<p style=\"text-align: justify;\">Por poes\u00eda y paz, poes\u00eda y justicia, poes\u00eda y vida.<\/p>\n<p style=\"text-align: justify;\">Comit\u00e9 Coordinador del Movimiento Po\u00e9tico Mundial.<\/p>\n<p style=\"text-align: justify;\">Movimiento Po\u00e9tico Mundial, Cap\u00edtulo de Am\u00e9rica Latina.<\/p>\n<p style=\"text-align: justify;\">fm\/sm<\/p>\n","protected":false},"excerpt":{"rendered":"<p>El Movimiento Po\u00e9tico Mundial (WPM), con presencia en m\u00e1s de 150 pa\u00edses de todo el mundo expresa su solidaridad con el pueblo peruano, que viene dando una dura pelea para que se respeten los designios que resultaron triunfadores en las \u00faltimas elecciones democr\u00e1ticas. Damasco, 21 ene (SANA) El Movimiento Po\u00e9tico Mundial (WPM), con presencia en &hellip;<\/p>\n","protected":false},"author":39,"featured_media":283741,"comment_status":"closed","ping_status":"closed","sticky":false,"template":"","format":"standard","meta":{"footnotes":""},"categories":[597,456,16687,20724],"tags":[],"class_list":["post-283740","post","type-post","status-publish","format-standard","has-post-thumbnail","","category-cinta-de-noticias","category-arabe-internacional-politica","category-internacionales","category-minuto-a-minuto"],"_links":{"self":[{"href":"https:\/\/archive.sana.sy\/es\/index.php?rest_route=\/wp\/v2\/posts\/283740"}],"collection":[{"href":"https:\/\/archive.sana.sy\/es\/index.php?rest_route=\/wp\/v2\/posts"}],"about":[{"href":"https:\/\/archive.sana.sy\/es\/index.php?rest_route=\/wp\/v2\/types\/post"}],"author":[{"embeddable":true,"href":"https:\/\/archive.sana.sy\/es\/index.php?rest_route=\/wp\/v2\/users\/39"}],"replies":[{"embeddable":true,"href":"https:\/\/archive.sana.sy\/es\/index.php?rest_route=%2Fwp%2Fv2%2Fcomments&post=283740"}],"version-history":[{"count":0,"href":"https:\/\/archive.sana.sy\/es\/index.php?rest_route=\/wp\/v2\/posts\/283740\/revisions"}],"wp:featuredmedia":[{"embeddable":true,"href":"https:\/\/archive.sana.sy\/es\/index.php?rest_route=\/wp\/v2\/media\/283741"}],"wp:attachment":[{"href":"https:\/\/archive.sana.sy\/es\/index.php?rest_route=%2Fwp%2Fv2%2Fmedia&parent=283740"}],"wp:term":[{"taxonomy":"category","embeddable":true,"href":"https:\/\/archive.sana.sy\/es\/index.php?rest_route=%2Fwp%2Fv2%2Fcategories&post=283740"},{"taxonomy":"post_tag","embeddable":true,"href":"https:\/\/archive.sana.sy\/es\/index.php?rest_route=%2Fwp%2Fv2%2Ftags&post=283740"}],"curies":[{"name":"wp","href":"https:\/\/api.w.org\/{rel}","templated":true}]}}