{"id":283745,"date":"2023-01-21T15:32:39","date_gmt":"2023-01-21T13:32:39","guid":{"rendered":"http:\/\/107.6.182.27\/es\/?p=283745"},"modified":"2023-01-21T15:32:39","modified_gmt":"2023-01-21T13:32:39","slug":"medvedev-la-guerra-contra-los-nazis-en-ucrania-y-europa-es-una-nueva-guerra-patria","status":"publish","type":"post","link":"https:\/\/archive.sana.sy\/es\/?p=283745","title":{"rendered":"Medvedev: La guerra contra los nazis en Ucrania y Europa es una nueva guerra patria"},"content":{"rendered":"<p style=\"text-align: justify;\"><span style=\"color: #800000;\"><strong>Mosc\u00fa, 21 ene (SANA)\u00a0<\/strong><\/span> El vicepresidente del Consejo de Seguridad de Rusia, Dmitry Medvedev, calific\u00f3 la guerra contra los nazis en Ucrania y Europa como una nueva Guerra Patria.<\/p>\n<p style=\"text-align: justify;\">Esta postura la escribi\u00f3 Medvedev en su canal Telegram en respuesta a las palabras del comisario de Pol\u00edtica Exterior y Seguridad de la Uni\u00f3n Europea, Josep Borrell.<\/p>\n<p style=\"text-align: justify;\">\u201cBorrell record\u00f3 que nuestro pa\u00eds derrot\u00f3 a Napole\u00f3n y a Hitler, y habl\u00f3 de las similitudes entre ellos, y en consecuencia, los ucronazis y los europeos occidentales son los herederos directos de aquellos que lucharon contra Rusia, y por lo tanto, la guerra con ellos es una nueva guerra patria, y la victoria ser\u00e1 nuestra como en 1812 y 1945\u201d, dijo el expresidente ruso.<\/p>\n<p style=\"text-align: justify;\">Borrell declar\u00f3 la v\u00edspera que \u201cRusia est\u00e1 acostumbrada a luchar hasta el final, y no hay que pensar que su ej\u00e9rcito es incompetente\u201d, y a\u00f1adi\u00f3: \u201cLo hizo con Napole\u00f3n y yo lo hizo con Hitler, y ser\u00eda absurdo pensar que Rusia perder\u00eda la guerra en Ucrania\u201d, y pidi\u00f3 apoyo militar continuo para Kiev.<\/p>\n<p style=\"text-align: justify;\">fm<\/p>\n<p style=\"text-align: justify;\">\n","protected":false},"excerpt":{"rendered":"<p>Mosc\u00fa, 21 ene (SANA)\u00a0 El vicepresidente del Consejo de Seguridad de Rusia, Dmitry Medvedev, calific\u00f3 la guerra contra los nazis en Ucrania y Europa como una nueva Guerra Patria. Esta postura la escribi\u00f3 Medvedev en su canal Telegram en respuesta a las palabras del comisario de Pol\u00edtica Exterior y Seguridad de la Uni\u00f3n Europea, Josep &hellip;<\/p>\n","protected":false},"author":34,"featured_media":283746,"comment_status":"closed","ping_status":"closed","sticky":false,"template":"","format":"standard","meta":{"footnotes":""},"categories":[597,456,20724,7541],"tags":[],"class_list":["post-283745","post","type-post","status-publish","format-standard","has-post-thumbnail","","category-cinta-de-noticias","category-arabe-internacional-politica","category-minuto-a-minuto","category-ultimas-noticias"],"_links":{"self":[{"href":"https:\/\/archive.sana.sy\/es\/index.php?rest_route=\/wp\/v2\/posts\/283745"}],"collection":[{"href":"https:\/\/archive.sana.sy\/es\/index.php?rest_route=\/wp\/v2\/posts"}],"about":[{"href":"https:\/\/archive.sana.sy\/es\/index.php?rest_route=\/wp\/v2\/types\/post"}],"author":[{"embeddable":true,"href":"https:\/\/archive.sana.sy\/es\/index.php?rest_route=\/wp\/v2\/users\/34"}],"replies":[{"embeddable":true,"href":"https:\/\/archive.sana.sy\/es\/index.php?rest_route=%2Fwp%2Fv2%2Fcomments&post=283745"}],"version-history":[{"count":0,"href":"https:\/\/archive.sana.sy\/es\/index.php?rest_route=\/wp\/v2\/posts\/283745\/revisions"}],"wp:featuredmedia":[{"embeddable":true,"href":"https:\/\/archive.sana.sy\/es\/index.php?rest_route=\/wp\/v2\/media\/283746"}],"wp:attachment":[{"href":"https:\/\/archive.sana.sy\/es\/index.php?rest_route=%2Fwp%2Fv2%2Fmedia&parent=283745"}],"wp:term":[{"taxonomy":"category","embeddable":true,"href":"https:\/\/archive.sana.sy\/es\/index.php?rest_route=%2Fwp%2Fv2%2Fcategories&post=283745"},{"taxonomy":"post_tag","embeddable":true,"href":"https:\/\/archive.sana.sy\/es\/index.php?rest_route=%2Fwp%2Fv2%2Ftags&post=283745"}],"curies":[{"name":"wp","href":"https:\/\/api.w.org\/{rel}","templated":true}]}}