{"id":283756,"date":"2023-01-21T18:04:34","date_gmt":"2023-01-21T16:04:34","guid":{"rendered":"http:\/\/107.6.182.27\/es\/?p=283756"},"modified":"2023-01-21T18:14:31","modified_gmt":"2023-01-21T16:14:31","slug":"parlamentaria-checa-exige-que-eeuu-rinda-cuentas-por-sus-crimenes-en-iraq-y-siria","status":"publish","type":"post","link":"https:\/\/archive.sana.sy\/es\/?p=283756","title":{"rendered":"Parlamentaria checa exige que EEUU rinda cuentas por sus cr\u00edmenes en Iraq y Siria"},"content":{"rendered":"<p style=\"text-align: justify;\"><span style=\"color: #800000;\"><strong>Praga, 21 ene (SANA)\u00a0<\/strong><\/span> \u00a0La miembro en el Parlamento Europeo y jefa del Partido Comunista Checo de Moravia, Katerjina Konicna, llam\u00f3 a la creaci\u00f3n de un tribunal especial para los cr\u00edmenes de guerra cometidos por Estados Unidos en Iraq, Siria, Libia, Yemen y otros pa\u00edses.<\/p>\n<p style=\"text-align: justify;\">La parlamentaria europea, en una entrevista televisada publicada hoy en su sitio web, subray\u00f3 la necesidad de implementar los principios del derecho internacional, la Carta de las Naciones Unidas y otros documentos relacionados.<\/p>\n<p style=\"text-align: justify;\">Asimismo, hizo recordar la invasi\u00f3n estadounidense de Iraq, que fue una violaci\u00f3n del derecho internacional, la Carta de las Naciones Unidas y las resoluciones del Consejo de Seguridad.<\/p>\n<p style=\"text-align: justify;\">La eurodiputada se\u00f1al\u00f3 que el pretexto de que Iraq tuviera armas de destrucci\u00f3n masiva para justificar tal invasi\u00f3n era una mentira deliberada, que provoc\u00f3 la muerte de miles de civiles iraqu\u00edes.<\/p>\n<p style=\"text-align: justify;\">fm\/rr<\/p>\n","protected":false},"excerpt":{"rendered":"<p>Praga, 21 ene (SANA)\u00a0 \u00a0La miembro en el Parlamento Europeo y jefa del Partido Comunista Checo de Moravia, Katerjina Konicna, llam\u00f3 a la creaci\u00f3n de un tribunal especial para los cr\u00edmenes de guerra cometidos por Estados Unidos en Iraq, Siria, Libia, Yemen y otros pa\u00edses. La parlamentaria europea, en una entrevista televisada publicada hoy en &hellip;<\/p>\n","protected":false},"author":31,"featured_media":283757,"comment_status":"closed","ping_status":"closed","sticky":false,"template":"","format":"standard","meta":{"footnotes":""},"categories":[597,456,16687,7541],"tags":[],"class_list":["post-283756","post","type-post","status-publish","format-standard","has-post-thumbnail","","category-cinta-de-noticias","category-arabe-internacional-politica","category-internacionales","category-ultimas-noticias"],"_links":{"self":[{"href":"https:\/\/archive.sana.sy\/es\/index.php?rest_route=\/wp\/v2\/posts\/283756"}],"collection":[{"href":"https:\/\/archive.sana.sy\/es\/index.php?rest_route=\/wp\/v2\/posts"}],"about":[{"href":"https:\/\/archive.sana.sy\/es\/index.php?rest_route=\/wp\/v2\/types\/post"}],"author":[{"embeddable":true,"href":"https:\/\/archive.sana.sy\/es\/index.php?rest_route=\/wp\/v2\/users\/31"}],"replies":[{"embeddable":true,"href":"https:\/\/archive.sana.sy\/es\/index.php?rest_route=%2Fwp%2Fv2%2Fcomments&post=283756"}],"version-history":[{"count":0,"href":"https:\/\/archive.sana.sy\/es\/index.php?rest_route=\/wp\/v2\/posts\/283756\/revisions"}],"wp:featuredmedia":[{"embeddable":true,"href":"https:\/\/archive.sana.sy\/es\/index.php?rest_route=\/wp\/v2\/media\/283757"}],"wp:attachment":[{"href":"https:\/\/archive.sana.sy\/es\/index.php?rest_route=%2Fwp%2Fv2%2Fmedia&parent=283756"}],"wp:term":[{"taxonomy":"category","embeddable":true,"href":"https:\/\/archive.sana.sy\/es\/index.php?rest_route=%2Fwp%2Fv2%2Fcategories&post=283756"},{"taxonomy":"post_tag","embeddable":true,"href":"https:\/\/archive.sana.sy\/es\/index.php?rest_route=%2Fwp%2Fv2%2Ftags&post=283756"}],"curies":[{"name":"wp","href":"https:\/\/api.w.org\/{rel}","templated":true}]}}