{"id":283771,"date":"2023-01-21T20:05:10","date_gmt":"2023-01-21T18:05:10","guid":{"rendered":"http:\/\/107.6.182.27\/es\/?p=283771"},"modified":"2023-01-21T20:05:10","modified_gmt":"2023-01-21T18:05:10","slug":"arzobispo-hanna-quien-apoya-la-causa-palestina-debe-apoyar-a-siria","status":"publish","type":"post","link":"https:\/\/archive.sana.sy\/es\/?p=283771","title":{"rendered":"Arzobispo Hanna: quien apoya la causa Palestina debe apoyar a Siria"},"content":{"rendered":"<p style=\"text-align: justify;\"><span style=\"color: #800000;\"><strong>Beirut, 21 ene (SANA)\u00a0 \u00a0<\/strong><\/span>El arzobispo de Sebastia de la Iglesia Greco-Ortodoxa en Jerusal\u00e9n ocupada, Atallah Hanna, anunci\u00f3 hoy su participaci\u00f3n en la Campa\u00f1a Popular \u00c1rabe e Internacional para Levantar el Bloqueo a Siria.<\/p>\n<p style=\"text-align: justify;\">\u201cNosotros en Jerusal\u00e9n, la capital de Palestina, apoyamos a Siria y a todos los esfuerzos sinceros para levantar el asedio, y respaldamos a Damasco frente a las conspiraciones\u201d, dijo Hanna en una declaraci\u00f3n.<\/p>\n<p style=\"text-align: justify;\">Destac\u00f3 que quien apoya la causa Palestina debe apoyar a Siria, que fue sometida a muchos desaf\u00edos y conspiraciones con el objetivo de debilitarla, pero resisti\u00f3 a pesar de todo eso.<\/p>\n<p style=\"text-align: justify;\">El arzobispo indic\u00f3 que los enemigos de Siria son los de toda la naci\u00f3n \u00e1rabe, y los de Palestina en particular, y pidi\u00f3 un amplio movimiento \u00e1rabe e internacional en el marco de esta campa\u00f1a, en apoyo a Siria y con el fin de exigir el levantamiento del injusto cerco.<\/p>\n<p style=\"text-align: justify;\">La campa\u00f1a popular \u00e1rabe e internacional para levantar el asedio a Siria se lanz\u00f3 el 28 del mes pasado, por convocatoria del presidente del Centro \u00c1rabe Internacional para la Comunicaci\u00f3n y la Solidaridad, Maan Bashour, con el objetivo de solidarizarse con Siria y aumentar la presi\u00f3n para que se levante el injusto asedio que se le impone.<\/p>\n<p style=\"text-align: justify;\">rr\/fm<\/p>\n","protected":false},"excerpt":{"rendered":"<p>Beirut, 21 ene (SANA)\u00a0 \u00a0El arzobispo de Sebastia de la Iglesia Greco-Ortodoxa en Jerusal\u00e9n ocupada, Atallah Hanna, anunci\u00f3 hoy su participaci\u00f3n en la Campa\u00f1a Popular \u00c1rabe e Internacional para Levantar el Bloqueo a Siria. \u201cNosotros en Jerusal\u00e9n, la capital de Palestina, apoyamos a Siria y a todos los esfuerzos sinceros para levantar el asedio, y &hellip;<\/p>\n","protected":false},"author":31,"featured_media":283772,"comment_status":"closed","ping_status":"closed","sticky":false,"template":"","format":"standard","meta":{"footnotes":""},"categories":[597,467,7541],"tags":[],"class_list":["post-283771","post","type-post","status-publish","format-standard","has-post-thumbnail","","category-cinta-de-noticias","category-siria-y-el-mundo","category-ultimas-noticias"],"_links":{"self":[{"href":"https:\/\/archive.sana.sy\/es\/index.php?rest_route=\/wp\/v2\/posts\/283771"}],"collection":[{"href":"https:\/\/archive.sana.sy\/es\/index.php?rest_route=\/wp\/v2\/posts"}],"about":[{"href":"https:\/\/archive.sana.sy\/es\/index.php?rest_route=\/wp\/v2\/types\/post"}],"author":[{"embeddable":true,"href":"https:\/\/archive.sana.sy\/es\/index.php?rest_route=\/wp\/v2\/users\/31"}],"replies":[{"embeddable":true,"href":"https:\/\/archive.sana.sy\/es\/index.php?rest_route=%2Fwp%2Fv2%2Fcomments&post=283771"}],"version-history":[{"count":0,"href":"https:\/\/archive.sana.sy\/es\/index.php?rest_route=\/wp\/v2\/posts\/283771\/revisions"}],"wp:featuredmedia":[{"embeddable":true,"href":"https:\/\/archive.sana.sy\/es\/index.php?rest_route=\/wp\/v2\/media\/283772"}],"wp:attachment":[{"href":"https:\/\/archive.sana.sy\/es\/index.php?rest_route=%2Fwp%2Fv2%2Fmedia&parent=283771"}],"wp:term":[{"taxonomy":"category","embeddable":true,"href":"https:\/\/archive.sana.sy\/es\/index.php?rest_route=%2Fwp%2Fv2%2Fcategories&post=283771"},{"taxonomy":"post_tag","embeddable":true,"href":"https:\/\/archive.sana.sy\/es\/index.php?rest_route=%2Fwp%2Fv2%2Ftags&post=283771"}],"curies":[{"name":"wp","href":"https:\/\/api.w.org\/{rel}","templated":true}]}}