{"id":283777,"date":"2023-01-21T20:33:22","date_gmt":"2023-01-21T18:33:22","guid":{"rendered":"http:\/\/107.6.182.27\/es\/?p=283777"},"modified":"2023-01-21T20:33:22","modified_gmt":"2023-01-21T18:33:22","slug":"una-manifestacion-en-varsovia-contra-la-participaron-en-operaciones-militares-en-ucrania","status":"publish","type":"post","link":"https:\/\/archive.sana.sy\/es\/?p=283777","title":{"rendered":"Una manifestaci\u00f3n en Varsovia contra la participaron en operaciones militares en Ucrania"},"content":{"rendered":"<p style=\"text-align: justify;\"><span style=\"color: #800000;\"><strong>Varsovia, 21 ene (SANA)\u00a0<\/strong><\/span> \u00a0La capital polaca, Varsovia, fue testigo de una protesta contra la participaci\u00f3n de Polonia en operaciones militares en Ucrania.<\/p>\n<p style=\"text-align: justify;\">Seg\u00fan reportes de RIA Novosti, los manifestantes corearon consignas que condenan la participaci\u00f3n de Polonia en las operaciones militares en Ucrania y portaron pancartas escritas en idioma ruso como expresi\u00f3n de su rechazo a las pol\u00edticas occidentales hacia Rusia.<\/p>\n<p style=\"text-align: justify;\">La organizaci\u00f3n polaca \u201cPatriotas de Camarada\u201d que organiz\u00f3 la manifestaci\u00f3n emiti\u00f3 un comunicado expresando su descontento con la promoci\u00f3n de algunos pol\u00edticos y medios polacos de la necesidad de participar en la guerra en Ucrania.<\/p>\n<p style=\"text-align: justify;\">La capital alemana fue testigo la v\u00edspera de una multitudinaria manifestaci\u00f3n contra el suministro de armamento pesado al r\u00e9gimen ucraniano, y en protesta por la celebraci\u00f3n de una reuni\u00f3n del llamado Grupo de Contacto de apoyo a Ucrania de la OTAN en la base estadounidense de Ramstein en Berl\u00edn.<\/p>\n<p style=\"text-align: justify;\">fm\/rr<\/p>\n","protected":false},"excerpt":{"rendered":"<p>Varsovia, 21 ene (SANA)\u00a0 \u00a0La capital polaca, Varsovia, fue testigo de una protesta contra la participaci\u00f3n de Polonia en operaciones militares en Ucrania. Seg\u00fan reportes de RIA Novosti, los manifestantes corearon consignas que condenan la participaci\u00f3n de Polonia en las operaciones militares en Ucrania y portaron pancartas escritas en idioma ruso como expresi\u00f3n de su &hellip;<\/p>\n","protected":false},"author":31,"featured_media":283778,"comment_status":"closed","ping_status":"closed","sticky":false,"template":"","format":"standard","meta":{"footnotes":""},"categories":[456,16687],"tags":[],"class_list":["post-283777","post","type-post","status-publish","format-standard","has-post-thumbnail","","category-arabe-internacional-politica","category-internacionales"],"_links":{"self":[{"href":"https:\/\/archive.sana.sy\/es\/index.php?rest_route=\/wp\/v2\/posts\/283777"}],"collection":[{"href":"https:\/\/archive.sana.sy\/es\/index.php?rest_route=\/wp\/v2\/posts"}],"about":[{"href":"https:\/\/archive.sana.sy\/es\/index.php?rest_route=\/wp\/v2\/types\/post"}],"author":[{"embeddable":true,"href":"https:\/\/archive.sana.sy\/es\/index.php?rest_route=\/wp\/v2\/users\/31"}],"replies":[{"embeddable":true,"href":"https:\/\/archive.sana.sy\/es\/index.php?rest_route=%2Fwp%2Fv2%2Fcomments&post=283777"}],"version-history":[{"count":0,"href":"https:\/\/archive.sana.sy\/es\/index.php?rest_route=\/wp\/v2\/posts\/283777\/revisions"}],"wp:featuredmedia":[{"embeddable":true,"href":"https:\/\/archive.sana.sy\/es\/index.php?rest_route=\/wp\/v2\/media\/283778"}],"wp:attachment":[{"href":"https:\/\/archive.sana.sy\/es\/index.php?rest_route=%2Fwp%2Fv2%2Fmedia&parent=283777"}],"wp:term":[{"taxonomy":"category","embeddable":true,"href":"https:\/\/archive.sana.sy\/es\/index.php?rest_route=%2Fwp%2Fv2%2Fcategories&post=283777"},{"taxonomy":"post_tag","embeddable":true,"href":"https:\/\/archive.sana.sy\/es\/index.php?rest_route=%2Fwp%2Fv2%2Ftags&post=283777"}],"curies":[{"name":"wp","href":"https:\/\/api.w.org\/{rel}","templated":true}]}}